{"id":10002,"date":"2024-09-04T10:49:18","date_gmt":"2024-09-04T10:49:18","guid":{"rendered":"https:\/\/www.iese.edu\/es\/insight\/?post_type=article&#038;p=10002"},"modified":"2024-11-04T11:03:40","modified_gmt":"2024-11-04T11:03:40","slug":"el-cambio-climatico-en-las-urnas-joseph-stiglitz-y-jose-manuel-durao-barroso-debaten-sobre-las-elecciones-en-ee-uu-y-la-ue","status":"publish","type":"article","link":"https:\/\/www.iese.edu\/es\/insight\/articulos\/cambio-climatico-geopolitica-elecciones-stiglitz-barroso\/","title":{"rendered":"El cambio clim\u00e1tico en las urnas: Joseph Stiglitz y Jos\u00e9 Manuel Dur\u00e3o Barroso debaten sobre las elecciones en EE. UU. y la UE"},"author":51,"featured_media":10003,"menu_order":0,"template":"","tags":[131,73,124,118],"class_list":["post-10002","article","type-article","status-publish","has-post-thumbnail","hentry","tag-accionporelclima","tag-economia","tag-energiaasequibleynocontaminante","tag-ods"],"acf":[],"yoast_head":"<!-- This site is optimized with the Yoast SEO Premium plugin v21.7 (Yoast SEO v26.7) - https:\/\/yoast.com\/wordpress\/plugins\/seo\/ -->\n<title>El cambio clim\u00e1tico en las urnas: Joseph Stiglitz y Jos\u00e9 Manuel Dur\u00e3o Barroso debaten sobre las elecciones en EE. UU. y la UE | IESE Insight<\/title>\n<meta name=\"description\" content=\"Joseph Stiglitz y Jos\u00e9 Manuel Dur\u00e3o Barroso sopesan los retos del cambio clim\u00e1tico ante las elecciones presidenciales de Estados Unidos.\" \/>\n<meta name=\"robots\" content=\"index, follow, max-snippet:-1, max-image-preview:large, max-video-preview:-1\" \/>\n<link rel=\"canonical\" href=\"https:\/\/www.iese.edu\/es\/insight\/articulos\/cambio-climatico-geopolitica-elecciones-stiglitz-barroso\/\" \/>\n<meta property=\"og:locale\" content=\"es_ES\" \/>\n<meta property=\"og:type\" content=\"article\" \/>\n<meta property=\"og:title\" content=\"El cambio clim\u00e1tico en las urnas: Joseph Stiglitz y Jos\u00e9 Manuel Dur\u00e3o Barroso debaten sobre las elecciones en EE. UU. y la UE\" \/>\n<meta property=\"og:description\" content=\"Joseph Stiglitz y Jos\u00e9 Manuel Dur\u00e3o Barroso sopesan los retos del cambio clim\u00e1tico ante las elecciones presidenciales de Estados Unidos.\" \/>\n<meta property=\"og:url\" content=\"https:\/\/www.iese.edu\/es\/insight\/articulos\/cambio-climatico-geopolitica-elecciones-stiglitz-barroso\/\" \/>\n<meta property=\"og:site_name\" content=\"IESE Insight\" \/>\n<meta property=\"article:modified_time\" content=\"2024-11-04T11:03:40+00:00\" \/>\n<meta property=\"og:image\" content=\"https:\/\/www.iese.edu\/es\/insight\/wp-content\/uploads\/sites\/4\/2024\/08\/refineria-petroleo.jpg\" \/>\n\t<meta property=\"og:image:width\" content=\"1024\" \/>\n\t<meta property=\"og:image:height\" content=\"680\" \/>\n\t<meta property=\"og:image:type\" content=\"image\/jpeg\" \/>\n<meta name=\"twitter:card\" content=\"summary_large_image\" \/>\n<meta name=\"twitter:label1\" content=\"Tiempo de lectura\" \/>\n\t<meta name=\"twitter:data1\" content=\"1 minuto\" \/>\n<script type=\"application\/ld+json\" class=\"yoast-schema-graph\">{\"@context\":\"https:\/\/schema.org\",\"@graph\":[{\"@type\":\"Article\",\"@id\":\"https:\/\/www.iese.edu\/es\/insight\/articulos\/cambio-climatico-geopolitica-elecciones-stiglitz-barroso\/#article\",\"isPartOf\":{\"@id\":\"https:\/\/www.iese.edu\/es\/insight\/articulos\/cambio-climatico-geopolitica-elecciones-stiglitz-barroso\/\"},\"author\":{\"name\":\"Natalia Celis\",\"@id\":\"https:\/\/www.iese.edu\/es\/insight\/#\/schema\/person\/f5a3e74a1ef60a6bef7913dc8bce951a\"},\"headline\":\"El cambio clim\u00e1tico en las urnas: Joseph Stiglitz y Jos\u00e9 Manuel Dur\u00e3o Barroso debaten sobre las elecciones en EE. UU. y la UE\",\"datePublished\":\"2024-09-04T10:49:18+00:00\",\"dateModified\":\"2024-11-04T11:03:40+00:00\",\"mainEntityOfPage\":{\"@id\":\"https:\/\/www.iese.edu\/es\/insight\/articulos\/cambio-climatico-geopolitica-elecciones-stiglitz-barroso\/\"},\"wordCount\":25,\"publisher\":{\"@id\":\"https:\/\/www.iese.edu\/es\/insight\/#organization\"},\"image\":{\"@id\":\"https:\/\/www.iese.edu\/es\/insight\/articulos\/cambio-climatico-geopolitica-elecciones-stiglitz-barroso\/#primaryimage\"},\"thumbnailUrl\":\"https:\/\/www.iese.edu\/es\/insight\/wp-content\/uploads\/sites\/4\/2024\/08\/refineria-petroleo.jpg\",\"keywords\":[\"Acci\u00f3nPorElClima\",\"econom\u00eda\",\"Energ\u00edaAsequibleyNoContaminante\",\"ODS\"],\"inLanguage\":\"es\"},{\"@type\":\"WebPage\",\"@id\":\"https:\/\/www.iese.edu\/es\/insight\/articulos\/cambio-climatico-geopolitica-elecciones-stiglitz-barroso\/\",\"url\":\"https:\/\/www.iese.edu\/es\/insight\/articulos\/cambio-climatico-geopolitica-elecciones-stiglitz-barroso\/\",\"name\":\"El cambio clim\u00e1tico en las urnas: Joseph Stiglitz y Jos\u00e9 Manuel Dur\u00e3o Barroso debaten sobre las elecciones en EE. UU. y la UE | IESE Insight\",\"isPartOf\":{\"@id\":\"https:\/\/www.iese.edu\/es\/insight\/#website\"},\"primaryImageOfPage\":{\"@id\":\"https:\/\/www.iese.edu\/es\/insight\/articulos\/cambio-climatico-geopolitica-elecciones-stiglitz-barroso\/#primaryimage\"},\"image\":{\"@id\":\"https:\/\/www.iese.edu\/es\/insight\/articulos\/cambio-climatico-geopolitica-elecciones-stiglitz-barroso\/#primaryimage\"},\"thumbnailUrl\":\"https:\/\/www.iese.edu\/es\/insight\/wp-content\/uploads\/sites\/4\/2024\/08\/refineria-petroleo.jpg\",\"datePublished\":\"2024-09-04T10:49:18+00:00\",\"dateModified\":\"2024-11-04T11:03:40+00:00\",\"description\":\"Joseph Stiglitz y Jos\u00e9 Manuel Dur\u00e3o Barroso sopesan los retos del cambio clim\u00e1tico ante las elecciones presidenciales de Estados Unidos.\",\"breadcrumb\":{\"@id\":\"https:\/\/www.iese.edu\/es\/insight\/articulos\/cambio-climatico-geopolitica-elecciones-stiglitz-barroso\/#breadcrumb\"},\"inLanguage\":\"es\",\"potentialAction\":[{\"@type\":\"ReadAction\",\"target\":[\"https:\/\/www.iese.edu\/es\/insight\/articulos\/cambio-climatico-geopolitica-elecciones-stiglitz-barroso\/\"]}]},{\"@type\":\"ImageObject\",\"inLanguage\":\"es\",\"@id\":\"https:\/\/www.iese.edu\/es\/insight\/articulos\/cambio-climatico-geopolitica-elecciones-stiglitz-barroso\/#primaryimage\",\"url\":\"https:\/\/www.iese.edu\/es\/insight\/wp-content\/uploads\/sites\/4\/2024\/08\/refineria-petroleo.jpg\",\"contentUrl\":\"https:\/\/www.iese.edu\/es\/insight\/wp-content\/uploads\/sites\/4\/2024\/08\/refineria-petroleo.jpg\",\"width\":1024,\"height\":680},{\"@type\":\"BreadcrumbList\",\"@id\":\"https:\/\/www.iese.edu\/es\/insight\/articulos\/cambio-climatico-geopolitica-elecciones-stiglitz-barroso\/#breadcrumb\",\"itemListElement\":[{\"@type\":\"ListItem\",\"position\":1,\"name\":\"Portada\",\"item\":\"https:\/\/www.iese.edu\/es\/insight\/\"},{\"@type\":\"ListItem\",\"position\":2,\"name\":\"El cambio clim\u00e1tico en las urnas: Joseph Stiglitz y Jos\u00e9 Manuel Dur\u00e3o Barroso debaten sobre las elecciones en EE. UU. y la UE\"}]},{\"@type\":\"WebSite\",\"@id\":\"https:\/\/www.iese.edu\/es\/insight\/#website\",\"url\":\"https:\/\/www.iese.edu\/es\/insight\/\",\"name\":\"IESE Insight\",\"description\":\"Relevant Business Knowledge\",\"publisher\":{\"@id\":\"https:\/\/www.iese.edu\/es\/insight\/#organization\"},\"potentialAction\":[{\"@type\":\"SearchAction\",\"target\":{\"@type\":\"EntryPoint\",\"urlTemplate\":\"https:\/\/www.iese.edu\/es\/insight\/?s={search_term_string}\"},\"query-input\":{\"@type\":\"PropertyValueSpecification\",\"valueRequired\":true,\"valueName\":\"search_term_string\"}}],\"inLanguage\":\"es\"},{\"@type\":\"Organization\",\"@id\":\"https:\/\/www.iese.edu\/es\/insight\/#organization\",\"name\":\"IESE Insight\",\"url\":\"https:\/\/www.iese.edu\/es\/insight\/\",\"logo\":{\"@type\":\"ImageObject\",\"inLanguage\":\"es\",\"@id\":\"https:\/\/www.iese.edu\/es\/insight\/#\/schema\/logo\/image\/\",\"url\":\"https:\/\/www.iese.edu\/es\/insight\/wp-content\/uploads\/sites\/4\/2022\/11\/Logo-IESE.png\",\"contentUrl\":\"https:\/\/www.iese.edu\/es\/insight\/wp-content\/uploads\/sites\/4\/2022\/11\/Logo-IESE.png\",\"width\":290,\"height\":290,\"caption\":\"IESE Insight\"},\"image\":{\"@id\":\"https:\/\/www.iese.edu\/es\/insight\/#\/schema\/logo\/image\/\"}},{\"@type\":\"Person\",\"@id\":\"https:\/\/www.iese.edu\/es\/insight\/#\/schema\/person\/f5a3e74a1ef60a6bef7913dc8bce951a\",\"name\":\"Natalia Celis\",\"image\":{\"@type\":\"ImageObject\",\"inLanguage\":\"es\",\"@id\":\"https:\/\/www.iese.edu\/es\/insight\/#\/schema\/person\/image\/\",\"url\":\"https:\/\/secure.gravatar.com\/avatar\/5ea4aaede0aa304e571844b933f084212b77df368cfca4a1799e8fd9bc996184?s=96&d=mm&r=g\",\"contentUrl\":\"https:\/\/secure.gravatar.com\/avatar\/5ea4aaede0aa304e571844b933f084212b77df368cfca4a1799e8fd9bc996184?s=96&d=mm&r=g\",\"caption\":\"Natalia Celis\"}}]}<\/script>\n<!-- \/ Yoast SEO Premium plugin. -->","yoast_head_json":{"title":"El cambio clim\u00e1tico en las urnas: Joseph Stiglitz y Jos\u00e9 Manuel Dur\u00e3o Barroso debaten sobre las elecciones en EE. UU. y la UE | IESE Insight","description":"Joseph Stiglitz y Jos\u00e9 Manuel Dur\u00e3o Barroso sopesan los retos del cambio clim\u00e1tico ante las elecciones presidenciales de Estados Unidos.","robots":{"index":"index","follow":"follow","max-snippet":"max-snippet:-1","max-image-preview":"max-image-preview:large","max-video-preview":"max-video-preview:-1"},"canonical":"https:\/\/www.iese.edu\/es\/insight\/articulos\/cambio-climatico-geopolitica-elecciones-stiglitz-barroso\/","og_locale":"es_ES","og_type":"article","og_title":"El cambio clim\u00e1tico en las urnas: Joseph Stiglitz y Jos\u00e9 Manuel Dur\u00e3o Barroso debaten sobre las elecciones en EE. UU. y la UE","og_description":"Joseph Stiglitz y Jos\u00e9 Manuel Dur\u00e3o Barroso sopesan los retos del cambio clim\u00e1tico ante las elecciones presidenciales de Estados Unidos.","og_url":"https:\/\/www.iese.edu\/es\/insight\/articulos\/cambio-climatico-geopolitica-elecciones-stiglitz-barroso\/","og_site_name":"IESE Insight","article_modified_time":"2024-11-04T11:03:40+00:00","og_image":[{"width":1024,"height":680,"url":"https:\/\/www.iese.edu\/es\/insight\/wp-content\/uploads\/sites\/4\/2024\/08\/refineria-petroleo.jpg","type":"image\/jpeg"}],"twitter_card":"summary_large_image","twitter_misc":{"Tiempo de lectura":"1 minuto"},"schema":{"@context":"https:\/\/schema.org","@graph":[{"@type":"Article","@id":"https:\/\/www.iese.edu\/es\/insight\/articulos\/cambio-climatico-geopolitica-elecciones-stiglitz-barroso\/#article","isPartOf":{"@id":"https:\/\/www.iese.edu\/es\/insight\/articulos\/cambio-climatico-geopolitica-elecciones-stiglitz-barroso\/"},"author":{"name":"Natalia Celis","@id":"https:\/\/www.iese.edu\/es\/insight\/#\/schema\/person\/f5a3e74a1ef60a6bef7913dc8bce951a"},"headline":"El cambio clim\u00e1tico en las urnas: Joseph Stiglitz y Jos\u00e9 Manuel Dur\u00e3o Barroso debaten sobre las elecciones en EE. UU. y la UE","datePublished":"2024-09-04T10:49:18+00:00","dateModified":"2024-11-04T11:03:40+00:00","mainEntityOfPage":{"@id":"https:\/\/www.iese.edu\/es\/insight\/articulos\/cambio-climatico-geopolitica-elecciones-stiglitz-barroso\/"},"wordCount":25,"publisher":{"@id":"https:\/\/www.iese.edu\/es\/insight\/#organization"},"image":{"@id":"https:\/\/www.iese.edu\/es\/insight\/articulos\/cambio-climatico-geopolitica-elecciones-stiglitz-barroso\/#primaryimage"},"thumbnailUrl":"https:\/\/www.iese.edu\/es\/insight\/wp-content\/uploads\/sites\/4\/2024\/08\/refineria-petroleo.jpg","keywords":["Acci\u00f3nPorElClima","econom\u00eda","Energ\u00edaAsequibleyNoContaminante","ODS"],"inLanguage":"es"},{"@type":"WebPage","@id":"https:\/\/www.iese.edu\/es\/insight\/articulos\/cambio-climatico-geopolitica-elecciones-stiglitz-barroso\/","url":"https:\/\/www.iese.edu\/es\/insight\/articulos\/cambio-climatico-geopolitica-elecciones-stiglitz-barroso\/","name":"El cambio clim\u00e1tico en las urnas: Joseph Stiglitz y Jos\u00e9 Manuel Dur\u00e3o Barroso debaten sobre las elecciones en EE. UU. y la UE | IESE Insight","isPartOf":{"@id":"https:\/\/www.iese.edu\/es\/insight\/#website"},"primaryImageOfPage":{"@id":"https:\/\/www.iese.edu\/es\/insight\/articulos\/cambio-climatico-geopolitica-elecciones-stiglitz-barroso\/#primaryimage"},"image":{"@id":"https:\/\/www.iese.edu\/es\/insight\/articulos\/cambio-climatico-geopolitica-elecciones-stiglitz-barroso\/#primaryimage"},"thumbnailUrl":"https:\/\/www.iese.edu\/es\/insight\/wp-content\/uploads\/sites\/4\/2024\/08\/refineria-petroleo.jpg","datePublished":"2024-09-04T10:49:18+00:00","dateModified":"2024-11-04T11:03:40+00:00","description":"Joseph Stiglitz y Jos\u00e9 Manuel Dur\u00e3o Barroso sopesan los retos del cambio clim\u00e1tico ante las elecciones presidenciales de Estados Unidos.","breadcrumb":{"@id":"https:\/\/www.iese.edu\/es\/insight\/articulos\/cambio-climatico-geopolitica-elecciones-stiglitz-barroso\/#breadcrumb"},"inLanguage":"es","potentialAction":[{"@type":"ReadAction","target":["https:\/\/www.iese.edu\/es\/insight\/articulos\/cambio-climatico-geopolitica-elecciones-stiglitz-barroso\/"]}]},{"@type":"ImageObject","inLanguage":"es","@id":"https:\/\/www.iese.edu\/es\/insight\/articulos\/cambio-climatico-geopolitica-elecciones-stiglitz-barroso\/#primaryimage","url":"https:\/\/www.iese.edu\/es\/insight\/wp-content\/uploads\/sites\/4\/2024\/08\/refineria-petroleo.jpg","contentUrl":"https:\/\/www.iese.edu\/es\/insight\/wp-content\/uploads\/sites\/4\/2024\/08\/refineria-petroleo.jpg","width":1024,"height":680},{"@type":"BreadcrumbList","@id":"https:\/\/www.iese.edu\/es\/insight\/articulos\/cambio-climatico-geopolitica-elecciones-stiglitz-barroso\/#breadcrumb","itemListElement":[{"@type":"ListItem","position":1,"name":"Portada","item":"https:\/\/www.iese.edu\/es\/insight\/"},{"@type":"ListItem","position":2,"name":"El cambio clim\u00e1tico en las urnas: Joseph Stiglitz y Jos\u00e9 Manuel Dur\u00e3o Barroso debaten sobre las elecciones en EE. UU. y la UE"}]},{"@type":"WebSite","@id":"https:\/\/www.iese.edu\/es\/insight\/#website","url":"https:\/\/www.iese.edu\/es\/insight\/","name":"IESE Insight","description":"Relevant Business Knowledge","publisher":{"@id":"https:\/\/www.iese.edu\/es\/insight\/#organization"},"potentialAction":[{"@type":"SearchAction","target":{"@type":"EntryPoint","urlTemplate":"https:\/\/www.iese.edu\/es\/insight\/?s={search_term_string}"},"query-input":{"@type":"PropertyValueSpecification","valueRequired":true,"valueName":"search_term_string"}}],"inLanguage":"es"},{"@type":"Organization","@id":"https:\/\/www.iese.edu\/es\/insight\/#organization","name":"IESE Insight","url":"https:\/\/www.iese.edu\/es\/insight\/","logo":{"@type":"ImageObject","inLanguage":"es","@id":"https:\/\/www.iese.edu\/es\/insight\/#\/schema\/logo\/image\/","url":"https:\/\/www.iese.edu\/es\/insight\/wp-content\/uploads\/sites\/4\/2022\/11\/Logo-IESE.png","contentUrl":"https:\/\/www.iese.edu\/es\/insight\/wp-content\/uploads\/sites\/4\/2022\/11\/Logo-IESE.png","width":290,"height":290,"caption":"IESE Insight"},"image":{"@id":"https:\/\/www.iese.edu\/es\/insight\/#\/schema\/logo\/image\/"}},{"@type":"Person","@id":"https:\/\/www.iese.edu\/es\/insight\/#\/schema\/person\/f5a3e74a1ef60a6bef7913dc8bce951a","name":"Natalia Celis","image":{"@type":"ImageObject","inLanguage":"es","@id":"https:\/\/www.iese.edu\/es\/insight\/#\/schema\/person\/image\/","url":"https:\/\/secure.gravatar.com\/avatar\/5ea4aaede0aa304e571844b933f084212b77df368cfca4a1799e8fd9bc996184?s=96&d=mm&r=g","contentUrl":"https:\/\/secure.gravatar.com\/avatar\/5ea4aaede0aa304e571844b933f084212b77df368cfca4a1799e8fd9bc996184?s=96&d=mm&r=g","caption":"Natalia Celis"}}]}},"_links":{"self":[{"href":"https:\/\/www.iese.edu\/es\/insight\/wp-json\/wp\/v2\/article\/10002","targetHints":{"allow":["GET"]}}],"collection":[{"href":"https:\/\/www.iese.edu\/es\/insight\/wp-json\/wp\/v2\/article"}],"about":[{"href":"https:\/\/www.iese.edu\/es\/insight\/wp-json\/wp\/v2\/types\/article"}],"author":[{"embeddable":true,"href":"https:\/\/www.iese.edu\/es\/insight\/wp-json\/wp\/v2\/users\/51"}],"version-history":[{"count":7,"href":"https:\/\/www.iese.edu\/es\/insight\/wp-json\/wp\/v2\/article\/10002\/revisions"}],"predecessor-version":[{"id":10378,"href":"https:\/\/www.iese.edu\/es\/insight\/wp-json\/wp\/v2\/article\/10002\/revisions\/10378"}],"wp:featuredmedia":[{"embeddable":true,"href":"https:\/\/www.iese.edu\/es\/insight\/wp-json\/wp\/v2\/media\/10003"}],"wp:attachment":[{"href":"https:\/\/www.iese.edu\/es\/insight\/wp-json\/wp\/v2\/media?parent=10002"}],"wp:term":[{"taxonomy":"post_tag","embeddable":true,"href":"https:\/\/www.iese.edu\/es\/insight\/wp-json\/wp\/v2\/tags?post=10002"}],"curies":[{"name":"wp","href":"https:\/\/api.w.org\/{rel}","templated":true}]}}