{"id":16431,"date":"2026-04-30T09:15:12","date_gmt":"2026-04-30T09:15:12","guid":{"rendered":"https:\/\/www.iese.edu\/es\/insight\/?post_type=article&#038;p=16431"},"modified":"2026-04-30T09:15:12","modified_gmt":"2026-04-30T09:15:12","slug":"claves-para-liderar-una-transformacion-energetica-global","status":"publish","type":"article","link":"https:\/\/www.iese.edu\/es\/insight\/articulos\/transformacion-energetica-liderazgo-jera-fukushima\/","title":{"rendered":"Claves para liderar una transformaci\u00f3n energ\u00e9tica global"},"author":83,"featured_media":16437,"menu_order":0,"template":"","tags":[66,124,39,62,118,51],"class_list":["post-16431","article","type-article","status-publish","has-post-thumbnail","hentry","tag-alianzas","tag-energiaasequibleynocontaminante","tag-ia","tag-japon","tag-ods","tag-proposito"],"acf":[],"yoast_head":"<!-- This site is optimized with the Yoast SEO Premium plugin v21.7 (Yoast SEO v26.7) - https:\/\/yoast.com\/wordpress\/plugins\/seo\/ -->\n<title>Claves para liderar una transformaci\u00f3n energ\u00e9tica global | IESE Insight<\/title>\n<meta name=\"description\" content=\"Yukio Kani, CEO global y presidente de JERA, explica la importancia de la visi\u00f3n, las personas y el prop\u00f3sito tras el desastre de Fukushima.\" \/>\n<meta name=\"robots\" content=\"index, follow, max-snippet:-1, max-image-preview:large, max-video-preview:-1\" \/>\n<link rel=\"canonical\" href=\"https:\/\/www.iese.edu\/es\/insight\/articulos\/transformacion-energetica-liderazgo-jera-fukushima\/\" \/>\n<meta property=\"og:locale\" content=\"es_ES\" \/>\n<meta property=\"og:type\" content=\"article\" \/>\n<meta property=\"og:title\" content=\"Claves para liderar una transformaci\u00f3n energ\u00e9tica global\" \/>\n<meta property=\"og:description\" content=\"Yukio Kani, CEO global y presidente de JERA, explica la importancia de la visi\u00f3n, las personas y el prop\u00f3sito tras el desastre de Fukushima.\" \/>\n<meta property=\"og:url\" content=\"https:\/\/www.iese.edu\/es\/insight\/articulos\/transformacion-energetica-liderazgo-jera-fukushima\/\" \/>\n<meta property=\"og:site_name\" content=\"IESE Insight\" \/>\n<meta property=\"og:image\" content=\"https:\/\/www.iese.edu\/es\/insight\/wp-content\/uploads\/sites\/4\/2026\/04\/Yukio-Kani-JERA.webp\" \/>\n\t<meta property=\"og:image:width\" content=\"1438\" \/>\n\t<meta property=\"og:image:height\" content=\"700\" \/>\n\t<meta property=\"og:image:type\" content=\"image\/webp\" \/>\n<meta name=\"twitter:card\" content=\"summary_large_image\" \/>\n<meta name=\"twitter:label1\" content=\"Tiempo de lectura\" \/>\n\t<meta name=\"twitter:data1\" content=\"11 minutos\" \/>\n<script type=\"application\/ld+json\" class=\"yoast-schema-graph\">{\"@context\":\"https:\/\/schema.org\",\"@graph\":[{\"@type\":\"Article\",\"@id\":\"https:\/\/www.iese.edu\/es\/insight\/articulos\/transformacion-energetica-liderazgo-jera-fukushima\/#article\",\"isPartOf\":{\"@id\":\"https:\/\/www.iese.edu\/es\/insight\/articulos\/transformacion-energetica-liderazgo-jera-fukushima\/\"},\"author\":{\"name\":\"apadierna\",\"@id\":\"https:\/\/www.iese.edu\/es\/insight\/#\/schema\/person\/961d76353ab73d0158b9d12271cb7f50\"},\"headline\":\"Claves para liderar una transformaci\u00f3n energ\u00e9tica global\",\"datePublished\":\"2026-04-30T09:15:12+00:00\",\"mainEntityOfPage\":{\"@id\":\"https:\/\/www.iese.edu\/es\/insight\/articulos\/transformacion-energetica-liderazgo-jera-fukushima\/\"},\"wordCount\":9,\"publisher\":{\"@id\":\"https:\/\/www.iese.edu\/es\/insight\/#organization\"},\"image\":{\"@id\":\"https:\/\/www.iese.edu\/es\/insight\/articulos\/transformacion-energetica-liderazgo-jera-fukushima\/#primaryimage\"},\"thumbnailUrl\":\"https:\/\/www.iese.edu\/es\/insight\/wp-content\/uploads\/sites\/4\/2026\/04\/Yukio-Kani-JERA.webp\",\"keywords\":[\"alianzas\",\"Energ\u00edaAsequibleyNoContaminante\",\"IA\",\"Jap\u00f3n\",\"ODS\",\"prop\u00f3sito\"],\"inLanguage\":\"es\"},{\"@type\":\"WebPage\",\"@id\":\"https:\/\/www.iese.edu\/es\/insight\/articulos\/transformacion-energetica-liderazgo-jera-fukushima\/\",\"url\":\"https:\/\/www.iese.edu\/es\/insight\/articulos\/transformacion-energetica-liderazgo-jera-fukushima\/\",\"name\":\"Claves para liderar una transformaci\u00f3n energ\u00e9tica global | IESE Insight\",\"isPartOf\":{\"@id\":\"https:\/\/www.iese.edu\/es\/insight\/#website\"},\"primaryImageOfPage\":{\"@id\":\"https:\/\/www.iese.edu\/es\/insight\/articulos\/transformacion-energetica-liderazgo-jera-fukushima\/#primaryimage\"},\"image\":{\"@id\":\"https:\/\/www.iese.edu\/es\/insight\/articulos\/transformacion-energetica-liderazgo-jera-fukushima\/#primaryimage\"},\"thumbnailUrl\":\"https:\/\/www.iese.edu\/es\/insight\/wp-content\/uploads\/sites\/4\/2026\/04\/Yukio-Kani-JERA.webp\",\"datePublished\":\"2026-04-30T09:15:12+00:00\",\"description\":\"Yukio Kani, CEO global y presidente de JERA, explica la importancia de la visi\u00f3n, las personas y el prop\u00f3sito tras el desastre de Fukushima.\",\"breadcrumb\":{\"@id\":\"https:\/\/www.iese.edu\/es\/insight\/articulos\/transformacion-energetica-liderazgo-jera-fukushima\/#breadcrumb\"},\"inLanguage\":\"es\",\"potentialAction\":[{\"@type\":\"ReadAction\",\"target\":[\"https:\/\/www.iese.edu\/es\/insight\/articulos\/transformacion-energetica-liderazgo-jera-fukushima\/\"]}]},{\"@type\":\"ImageObject\",\"inLanguage\":\"es\",\"@id\":\"https:\/\/www.iese.edu\/es\/insight\/articulos\/transformacion-energetica-liderazgo-jera-fukushima\/#primaryimage\",\"url\":\"https:\/\/www.iese.edu\/es\/insight\/wp-content\/uploads\/sites\/4\/2026\/04\/Yukio-Kani-JERA.webp\",\"contentUrl\":\"https:\/\/www.iese.edu\/es\/insight\/wp-content\/uploads\/sites\/4\/2026\/04\/Yukio-Kani-JERA.webp\",\"width\":1438,\"height\":700,\"caption\":\"Fotos: Megumi Asaoka\"},{\"@type\":\"BreadcrumbList\",\"@id\":\"https:\/\/www.iese.edu\/es\/insight\/articulos\/transformacion-energetica-liderazgo-jera-fukushima\/#breadcrumb\",\"itemListElement\":[{\"@type\":\"ListItem\",\"position\":1,\"name\":\"Portada\",\"item\":\"https:\/\/www.iese.edu\/es\/insight\/\"},{\"@type\":\"ListItem\",\"position\":2,\"name\":\"Claves para liderar una transformaci\u00f3n energ\u00e9tica global\"}]},{\"@type\":\"WebSite\",\"@id\":\"https:\/\/www.iese.edu\/es\/insight\/#website\",\"url\":\"https:\/\/www.iese.edu\/es\/insight\/\",\"name\":\"IESE Insight\",\"description\":\"Relevant Business Knowledge\",\"publisher\":{\"@id\":\"https:\/\/www.iese.edu\/es\/insight\/#organization\"},\"potentialAction\":[{\"@type\":\"SearchAction\",\"target\":{\"@type\":\"EntryPoint\",\"urlTemplate\":\"https:\/\/www.iese.edu\/es\/insight\/?s={search_term_string}\"},\"query-input\":{\"@type\":\"PropertyValueSpecification\",\"valueRequired\":true,\"valueName\":\"search_term_string\"}}],\"inLanguage\":\"es\"},{\"@type\":\"Organization\",\"@id\":\"https:\/\/www.iese.edu\/es\/insight\/#organization\",\"name\":\"IESE Insight\",\"url\":\"https:\/\/www.iese.edu\/es\/insight\/\",\"logo\":{\"@type\":\"ImageObject\",\"inLanguage\":\"es\",\"@id\":\"https:\/\/www.iese.edu\/es\/insight\/#\/schema\/logo\/image\/\",\"url\":\"https:\/\/www.iese.edu\/es\/insight\/wp-content\/uploads\/sites\/4\/2022\/11\/Logo-IESE.png\",\"contentUrl\":\"https:\/\/www.iese.edu\/es\/insight\/wp-content\/uploads\/sites\/4\/2022\/11\/Logo-IESE.png\",\"width\":290,\"height\":290,\"caption\":\"IESE Insight\"},\"image\":{\"@id\":\"https:\/\/www.iese.edu\/es\/insight\/#\/schema\/logo\/image\/\"}},{\"@type\":\"Person\",\"@id\":\"https:\/\/www.iese.edu\/es\/insight\/#\/schema\/person\/961d76353ab73d0158b9d12271cb7f50\",\"name\":\"apadierna\",\"image\":{\"@type\":\"ImageObject\",\"inLanguage\":\"es\",\"@id\":\"https:\/\/www.iese.edu\/es\/insight\/#\/schema\/person\/image\/\",\"url\":\"https:\/\/secure.gravatar.com\/avatar\/4f503a292b0be90b58d0d123cb475cb72df3705eced06d098bd8e842d1084f5f?s=96&d=mm&r=g\",\"contentUrl\":\"https:\/\/secure.gravatar.com\/avatar\/4f503a292b0be90b58d0d123cb475cb72df3705eced06d098bd8e842d1084f5f?s=96&d=mm&r=g\",\"caption\":\"apadierna\"}}]}<\/script>\n<!-- \/ Yoast SEO Premium plugin. -->","yoast_head_json":{"title":"Claves para liderar una transformaci\u00f3n energ\u00e9tica global | IESE Insight","description":"Yukio Kani, CEO global y presidente de JERA, explica la importancia de la visi\u00f3n, las personas y el prop\u00f3sito tras el desastre de Fukushima.","robots":{"index":"index","follow":"follow","max-snippet":"max-snippet:-1","max-image-preview":"max-image-preview:large","max-video-preview":"max-video-preview:-1"},"canonical":"https:\/\/www.iese.edu\/es\/insight\/articulos\/transformacion-energetica-liderazgo-jera-fukushima\/","og_locale":"es_ES","og_type":"article","og_title":"Claves para liderar una transformaci\u00f3n energ\u00e9tica global","og_description":"Yukio Kani, CEO global y presidente de JERA, explica la importancia de la visi\u00f3n, las personas y el prop\u00f3sito tras el desastre de Fukushima.","og_url":"https:\/\/www.iese.edu\/es\/insight\/articulos\/transformacion-energetica-liderazgo-jera-fukushima\/","og_site_name":"IESE Insight","og_image":[{"width":1438,"height":700,"url":"https:\/\/www.iese.edu\/es\/insight\/wp-content\/uploads\/sites\/4\/2026\/04\/Yukio-Kani-JERA.webp","type":"image\/webp"}],"twitter_card":"summary_large_image","twitter_misc":{"Tiempo de lectura":"11 minutos"},"schema":{"@context":"https:\/\/schema.org","@graph":[{"@type":"Article","@id":"https:\/\/www.iese.edu\/es\/insight\/articulos\/transformacion-energetica-liderazgo-jera-fukushima\/#article","isPartOf":{"@id":"https:\/\/www.iese.edu\/es\/insight\/articulos\/transformacion-energetica-liderazgo-jera-fukushima\/"},"author":{"name":"apadierna","@id":"https:\/\/www.iese.edu\/es\/insight\/#\/schema\/person\/961d76353ab73d0158b9d12271cb7f50"},"headline":"Claves para liderar una transformaci\u00f3n energ\u00e9tica global","datePublished":"2026-04-30T09:15:12+00:00","mainEntityOfPage":{"@id":"https:\/\/www.iese.edu\/es\/insight\/articulos\/transformacion-energetica-liderazgo-jera-fukushima\/"},"wordCount":9,"publisher":{"@id":"https:\/\/www.iese.edu\/es\/insight\/#organization"},"image":{"@id":"https:\/\/www.iese.edu\/es\/insight\/articulos\/transformacion-energetica-liderazgo-jera-fukushima\/#primaryimage"},"thumbnailUrl":"https:\/\/www.iese.edu\/es\/insight\/wp-content\/uploads\/sites\/4\/2026\/04\/Yukio-Kani-JERA.webp","keywords":["alianzas","Energ\u00edaAsequibleyNoContaminante","IA","Jap\u00f3n","ODS","prop\u00f3sito"],"inLanguage":"es"},{"@type":"WebPage","@id":"https:\/\/www.iese.edu\/es\/insight\/articulos\/transformacion-energetica-liderazgo-jera-fukushima\/","url":"https:\/\/www.iese.edu\/es\/insight\/articulos\/transformacion-energetica-liderazgo-jera-fukushima\/","name":"Claves para liderar una transformaci\u00f3n energ\u00e9tica global | IESE Insight","isPartOf":{"@id":"https:\/\/www.iese.edu\/es\/insight\/#website"},"primaryImageOfPage":{"@id":"https:\/\/www.iese.edu\/es\/insight\/articulos\/transformacion-energetica-liderazgo-jera-fukushima\/#primaryimage"},"image":{"@id":"https:\/\/www.iese.edu\/es\/insight\/articulos\/transformacion-energetica-liderazgo-jera-fukushima\/#primaryimage"},"thumbnailUrl":"https:\/\/www.iese.edu\/es\/insight\/wp-content\/uploads\/sites\/4\/2026\/04\/Yukio-Kani-JERA.webp","datePublished":"2026-04-30T09:15:12+00:00","description":"Yukio Kani, CEO global y presidente de JERA, explica la importancia de la visi\u00f3n, las personas y el prop\u00f3sito tras el desastre de Fukushima.","breadcrumb":{"@id":"https:\/\/www.iese.edu\/es\/insight\/articulos\/transformacion-energetica-liderazgo-jera-fukushima\/#breadcrumb"},"inLanguage":"es","potentialAction":[{"@type":"ReadAction","target":["https:\/\/www.iese.edu\/es\/insight\/articulos\/transformacion-energetica-liderazgo-jera-fukushima\/"]}]},{"@type":"ImageObject","inLanguage":"es","@id":"https:\/\/www.iese.edu\/es\/insight\/articulos\/transformacion-energetica-liderazgo-jera-fukushima\/#primaryimage","url":"https:\/\/www.iese.edu\/es\/insight\/wp-content\/uploads\/sites\/4\/2026\/04\/Yukio-Kani-JERA.webp","contentUrl":"https:\/\/www.iese.edu\/es\/insight\/wp-content\/uploads\/sites\/4\/2026\/04\/Yukio-Kani-JERA.webp","width":1438,"height":700,"caption":"Fotos: Megumi Asaoka"},{"@type":"BreadcrumbList","@id":"https:\/\/www.iese.edu\/es\/insight\/articulos\/transformacion-energetica-liderazgo-jera-fukushima\/#breadcrumb","itemListElement":[{"@type":"ListItem","position":1,"name":"Portada","item":"https:\/\/www.iese.edu\/es\/insight\/"},{"@type":"ListItem","position":2,"name":"Claves para liderar una transformaci\u00f3n energ\u00e9tica global"}]},{"@type":"WebSite","@id":"https:\/\/www.iese.edu\/es\/insight\/#website","url":"https:\/\/www.iese.edu\/es\/insight\/","name":"IESE Insight","description":"Relevant Business Knowledge","publisher":{"@id":"https:\/\/www.iese.edu\/es\/insight\/#organization"},"potentialAction":[{"@type":"SearchAction","target":{"@type":"EntryPoint","urlTemplate":"https:\/\/www.iese.edu\/es\/insight\/?s={search_term_string}"},"query-input":{"@type":"PropertyValueSpecification","valueRequired":true,"valueName":"search_term_string"}}],"inLanguage":"es"},{"@type":"Organization","@id":"https:\/\/www.iese.edu\/es\/insight\/#organization","name":"IESE Insight","url":"https:\/\/www.iese.edu\/es\/insight\/","logo":{"@type":"ImageObject","inLanguage":"es","@id":"https:\/\/www.iese.edu\/es\/insight\/#\/schema\/logo\/image\/","url":"https:\/\/www.iese.edu\/es\/insight\/wp-content\/uploads\/sites\/4\/2022\/11\/Logo-IESE.png","contentUrl":"https:\/\/www.iese.edu\/es\/insight\/wp-content\/uploads\/sites\/4\/2022\/11\/Logo-IESE.png","width":290,"height":290,"caption":"IESE Insight"},"image":{"@id":"https:\/\/www.iese.edu\/es\/insight\/#\/schema\/logo\/image\/"}},{"@type":"Person","@id":"https:\/\/www.iese.edu\/es\/insight\/#\/schema\/person\/961d76353ab73d0158b9d12271cb7f50","name":"apadierna","image":{"@type":"ImageObject","inLanguage":"es","@id":"https:\/\/www.iese.edu\/es\/insight\/#\/schema\/person\/image\/","url":"https:\/\/secure.gravatar.com\/avatar\/4f503a292b0be90b58d0d123cb475cb72df3705eced06d098bd8e842d1084f5f?s=96&d=mm&r=g","contentUrl":"https:\/\/secure.gravatar.com\/avatar\/4f503a292b0be90b58d0d123cb475cb72df3705eced06d098bd8e842d1084f5f?s=96&d=mm&r=g","caption":"apadierna"}}]}},"_links":{"self":[{"href":"https:\/\/www.iese.edu\/es\/insight\/wp-json\/wp\/v2\/article\/16431","targetHints":{"allow":["GET"]}}],"collection":[{"href":"https:\/\/www.iese.edu\/es\/insight\/wp-json\/wp\/v2\/article"}],"about":[{"href":"https:\/\/www.iese.edu\/es\/insight\/wp-json\/wp\/v2\/types\/article"}],"author":[{"embeddable":true,"href":"https:\/\/www.iese.edu\/es\/insight\/wp-json\/wp\/v2\/users\/83"}],"version-history":[{"count":11,"href":"https:\/\/www.iese.edu\/es\/insight\/wp-json\/wp\/v2\/article\/16431\/revisions"}],"predecessor-version":[{"id":16689,"href":"https:\/\/www.iese.edu\/es\/insight\/wp-json\/wp\/v2\/article\/16431\/revisions\/16689"}],"wp:featuredmedia":[{"embeddable":true,"href":"https:\/\/www.iese.edu\/es\/insight\/wp-json\/wp\/v2\/media\/16437"}],"wp:attachment":[{"href":"https:\/\/www.iese.edu\/es\/insight\/wp-json\/wp\/v2\/media?parent=16431"}],"wp:term":[{"taxonomy":"post_tag","embeddable":true,"href":"https:\/\/www.iese.edu\/es\/insight\/wp-json\/wp\/v2\/tags?post=16431"}],"curies":[{"name":"wp","href":"https:\/\/api.w.org\/{rel}","templated":true}]}}