{"id":9344,"date":"2024-05-02T13:11:58","date_gmt":"2024-05-02T13:11:58","guid":{"rendered":"https:\/\/www.iese.edu\/es\/insight\/?post_type=article&#038;p=9344"},"modified":"2024-05-02T13:11:58","modified_gmt":"2024-05-02T13:11:58","slug":"sylvie-nicol-henkel-nunca-subestimes-la-calidad-de-las-personas-que-tienes-en-tu-empresa","status":"publish","type":"article","link":"https:\/\/www.iese.edu\/es\/insight\/articulos\/henkel-proposito-emprendimiento-ia-talento-sylvie-nicol\/","title":{"rendered":"Sylvie Nicol (Henkel): \u201cNunca subestimes la calidad de las personas que tienes en tu empresa\u201d"},"author":51,"featured_media":9346,"menu_order":0,"template":"","tags":[142,79,51],"class_list":["post-9344","article","type-article","status-publish","has-post-thumbnail","hentry","tag-direcciondepersonas","tag-liderazgo","tag-proposito"],"acf":[],"yoast_head":"<!-- This site is optimized with the Yoast SEO Premium plugin v21.7 (Yoast SEO v26.7) - https:\/\/yoast.com\/wordpress\/plugins\/seo\/ -->\n<title>Sylvie Nicol (Henkel): \u201cNunca subestimes la calidad de las personas que tienes en tu empresa\u201d | IESE Insight<\/title>\n<meta name=\"description\" content=\"Una entrevista con Sylvie Nicol sobre c\u00f3mo el prop\u00f3sito y la cultura emprendedora de Henkel les han permitido desarrollarse port treinta a\u00f1os\" \/>\n<meta name=\"robots\" content=\"index, follow, max-snippet:-1, max-image-preview:large, max-video-preview:-1\" \/>\n<link rel=\"canonical\" href=\"https:\/\/www.iese.edu\/es\/insight\/articulos\/henkel-proposito-emprendimiento-ia-talento-sylvie-nicol\/\" \/>\n<meta property=\"og:locale\" content=\"es_ES\" \/>\n<meta property=\"og:type\" content=\"article\" \/>\n<meta property=\"og:title\" content=\"Sylvie Nicol (Henkel): \u201cNunca subestimes la calidad de las personas que tienes en tu empresa\u201d\" \/>\n<meta property=\"og:description\" content=\"Una entrevista con Sylvie Nicol sobre c\u00f3mo el prop\u00f3sito y la cultura emprendedora de Henkel les han permitido desarrollarse port treinta a\u00f1os\" \/>\n<meta property=\"og:url\" content=\"https:\/\/www.iese.edu\/es\/insight\/articulos\/henkel-proposito-emprendimiento-ia-talento-sylvie-nicol\/\" \/>\n<meta property=\"og:site_name\" content=\"IESE Insight\" \/>\n<meta property=\"og:image\" content=\"https:\/\/www.iese.edu\/es\/insight\/wp-content\/uploads\/sites\/4\/2024\/03\/sylvie-nicol-Henkel.jpg\" \/>\n\t<meta property=\"og:image:width\" content=\"1024\" \/>\n\t<meta property=\"og:image:height\" content=\"680\" \/>\n\t<meta property=\"og:image:type\" content=\"image\/jpeg\" \/>\n<meta name=\"twitter:card\" content=\"summary_large_image\" \/>\n<meta name=\"twitter:label1\" content=\"Tiempo de lectura\" \/>\n\t<meta name=\"twitter:data1\" content=\"1 minuto\" \/>\n<script type=\"application\/ld+json\" class=\"yoast-schema-graph\">{\"@context\":\"https:\/\/schema.org\",\"@graph\":[{\"@type\":\"Article\",\"@id\":\"https:\/\/www.iese.edu\/es\/insight\/articulos\/henkel-proposito-emprendimiento-ia-talento-sylvie-nicol\/#article\",\"isPartOf\":{\"@id\":\"https:\/\/www.iese.edu\/es\/insight\/articulos\/henkel-proposito-emprendimiento-ia-talento-sylvie-nicol\/\"},\"author\":{\"name\":\"Natalia Celis\",\"@id\":\"https:\/\/www.iese.edu\/es\/insight\/#\/schema\/person\/f5a3e74a1ef60a6bef7913dc8bce951a\"},\"headline\":\"Sylvie Nicol (Henkel): \u201cNunca subestimes la calidad de las personas que tienes en tu empresa\u201d\",\"datePublished\":\"2024-05-02T13:11:58+00:00\",\"mainEntityOfPage\":{\"@id\":\"https:\/\/www.iese.edu\/es\/insight\/articulos\/henkel-proposito-emprendimiento-ia-talento-sylvie-nicol\/\"},\"wordCount\":15,\"publisher\":{\"@id\":\"https:\/\/www.iese.edu\/es\/insight\/#organization\"},\"image\":{\"@id\":\"https:\/\/www.iese.edu\/es\/insight\/articulos\/henkel-proposito-emprendimiento-ia-talento-sylvie-nicol\/#primaryimage\"},\"thumbnailUrl\":\"https:\/\/www.iese.edu\/es\/insight\/wp-content\/uploads\/sites\/4\/2024\/03\/sylvie-nicol-Henkel.jpg\",\"keywords\":[\"Direcci\u00f3nDePersonas\",\"liderazgo\",\"prop\u00f3sito\"],\"inLanguage\":\"es\"},{\"@type\":\"WebPage\",\"@id\":\"https:\/\/www.iese.edu\/es\/insight\/articulos\/henkel-proposito-emprendimiento-ia-talento-sylvie-nicol\/\",\"url\":\"https:\/\/www.iese.edu\/es\/insight\/articulos\/henkel-proposito-emprendimiento-ia-talento-sylvie-nicol\/\",\"name\":\"Sylvie Nicol (Henkel): \u201cNunca subestimes la calidad de las personas que tienes en tu empresa\u201d | IESE Insight\",\"isPartOf\":{\"@id\":\"https:\/\/www.iese.edu\/es\/insight\/#website\"},\"primaryImageOfPage\":{\"@id\":\"https:\/\/www.iese.edu\/es\/insight\/articulos\/henkel-proposito-emprendimiento-ia-talento-sylvie-nicol\/#primaryimage\"},\"image\":{\"@id\":\"https:\/\/www.iese.edu\/es\/insight\/articulos\/henkel-proposito-emprendimiento-ia-talento-sylvie-nicol\/#primaryimage\"},\"thumbnailUrl\":\"https:\/\/www.iese.edu\/es\/insight\/wp-content\/uploads\/sites\/4\/2024\/03\/sylvie-nicol-Henkel.jpg\",\"datePublished\":\"2024-05-02T13:11:58+00:00\",\"description\":\"Una entrevista con Sylvie Nicol sobre c\u00f3mo el prop\u00f3sito y la cultura emprendedora de Henkel les han permitido desarrollarse port treinta a\u00f1os\",\"breadcrumb\":{\"@id\":\"https:\/\/www.iese.edu\/es\/insight\/articulos\/henkel-proposito-emprendimiento-ia-talento-sylvie-nicol\/#breadcrumb\"},\"inLanguage\":\"es\",\"potentialAction\":[{\"@type\":\"ReadAction\",\"target\":[\"https:\/\/www.iese.edu\/es\/insight\/articulos\/henkel-proposito-emprendimiento-ia-talento-sylvie-nicol\/\"]}]},{\"@type\":\"ImageObject\",\"inLanguage\":\"es\",\"@id\":\"https:\/\/www.iese.edu\/es\/insight\/articulos\/henkel-proposito-emprendimiento-ia-talento-sylvie-nicol\/#primaryimage\",\"url\":\"https:\/\/www.iese.edu\/es\/insight\/wp-content\/uploads\/sites\/4\/2024\/03\/sylvie-nicol-Henkel.jpg\",\"contentUrl\":\"https:\/\/www.iese.edu\/es\/insight\/wp-content\/uploads\/sites\/4\/2024\/03\/sylvie-nicol-Henkel.jpg\",\"width\":1024,\"height\":680,\"caption\":\"Sylvie Nicole, de Recursos Humanos, Servicios de Infraestructura y Sostenibilidad en Henkel.\"},{\"@type\":\"BreadcrumbList\",\"@id\":\"https:\/\/www.iese.edu\/es\/insight\/articulos\/henkel-proposito-emprendimiento-ia-talento-sylvie-nicol\/#breadcrumb\",\"itemListElement\":[{\"@type\":\"ListItem\",\"position\":1,\"name\":\"Portada\",\"item\":\"https:\/\/www.iese.edu\/es\/insight\/\"},{\"@type\":\"ListItem\",\"position\":2,\"name\":\"Sylvie Nicol (Henkel): \u201cNunca subestimes la calidad de las personas que tienes en tu empresa\u201d\"}]},{\"@type\":\"WebSite\",\"@id\":\"https:\/\/www.iese.edu\/es\/insight\/#website\",\"url\":\"https:\/\/www.iese.edu\/es\/insight\/\",\"name\":\"IESE Insight\",\"description\":\"Relevant Business Knowledge\",\"publisher\":{\"@id\":\"https:\/\/www.iese.edu\/es\/insight\/#organization\"},\"potentialAction\":[{\"@type\":\"SearchAction\",\"target\":{\"@type\":\"EntryPoint\",\"urlTemplate\":\"https:\/\/www.iese.edu\/es\/insight\/?s={search_term_string}\"},\"query-input\":{\"@type\":\"PropertyValueSpecification\",\"valueRequired\":true,\"valueName\":\"search_term_string\"}}],\"inLanguage\":\"es\"},{\"@type\":\"Organization\",\"@id\":\"https:\/\/www.iese.edu\/es\/insight\/#organization\",\"name\":\"IESE Insight\",\"url\":\"https:\/\/www.iese.edu\/es\/insight\/\",\"logo\":{\"@type\":\"ImageObject\",\"inLanguage\":\"es\",\"@id\":\"https:\/\/www.iese.edu\/es\/insight\/#\/schema\/logo\/image\/\",\"url\":\"https:\/\/www.iese.edu\/es\/insight\/wp-content\/uploads\/sites\/4\/2022\/11\/Logo-IESE.png\",\"contentUrl\":\"https:\/\/www.iese.edu\/es\/insight\/wp-content\/uploads\/sites\/4\/2022\/11\/Logo-IESE.png\",\"width\":290,\"height\":290,\"caption\":\"IESE Insight\"},\"image\":{\"@id\":\"https:\/\/www.iese.edu\/es\/insight\/#\/schema\/logo\/image\/\"}},{\"@type\":\"Person\",\"@id\":\"https:\/\/www.iese.edu\/es\/insight\/#\/schema\/person\/f5a3e74a1ef60a6bef7913dc8bce951a\",\"name\":\"Natalia Celis\",\"image\":{\"@type\":\"ImageObject\",\"inLanguage\":\"es\",\"@id\":\"https:\/\/www.iese.edu\/es\/insight\/#\/schema\/person\/image\/\",\"url\":\"https:\/\/secure.gravatar.com\/avatar\/5ea4aaede0aa304e571844b933f084212b77df368cfca4a1799e8fd9bc996184?s=96&d=mm&r=g\",\"contentUrl\":\"https:\/\/secure.gravatar.com\/avatar\/5ea4aaede0aa304e571844b933f084212b77df368cfca4a1799e8fd9bc996184?s=96&d=mm&r=g\",\"caption\":\"Natalia Celis\"}}]}<\/script>\n<!-- \/ Yoast SEO Premium plugin. -->","yoast_head_json":{"title":"Sylvie Nicol (Henkel): \u201cNunca subestimes la calidad de las personas que tienes en tu empresa\u201d | IESE Insight","description":"Una entrevista con Sylvie Nicol sobre c\u00f3mo el prop\u00f3sito y la cultura emprendedora de Henkel les han permitido desarrollarse port treinta a\u00f1os","robots":{"index":"index","follow":"follow","max-snippet":"max-snippet:-1","max-image-preview":"max-image-preview:large","max-video-preview":"max-video-preview:-1"},"canonical":"https:\/\/www.iese.edu\/es\/insight\/articulos\/henkel-proposito-emprendimiento-ia-talento-sylvie-nicol\/","og_locale":"es_ES","og_type":"article","og_title":"Sylvie Nicol (Henkel): \u201cNunca subestimes la calidad de las personas que tienes en tu empresa\u201d","og_description":"Una entrevista con Sylvie Nicol sobre c\u00f3mo el prop\u00f3sito y la cultura emprendedora de Henkel les han permitido desarrollarse port treinta a\u00f1os","og_url":"https:\/\/www.iese.edu\/es\/insight\/articulos\/henkel-proposito-emprendimiento-ia-talento-sylvie-nicol\/","og_site_name":"IESE Insight","og_image":[{"width":1024,"height":680,"url":"https:\/\/www.iese.edu\/es\/insight\/wp-content\/uploads\/sites\/4\/2024\/03\/sylvie-nicol-Henkel.jpg","type":"image\/jpeg"}],"twitter_card":"summary_large_image","twitter_misc":{"Tiempo de lectura":"1 minuto"},"schema":{"@context":"https:\/\/schema.org","@graph":[{"@type":"Article","@id":"https:\/\/www.iese.edu\/es\/insight\/articulos\/henkel-proposito-emprendimiento-ia-talento-sylvie-nicol\/#article","isPartOf":{"@id":"https:\/\/www.iese.edu\/es\/insight\/articulos\/henkel-proposito-emprendimiento-ia-talento-sylvie-nicol\/"},"author":{"name":"Natalia Celis","@id":"https:\/\/www.iese.edu\/es\/insight\/#\/schema\/person\/f5a3e74a1ef60a6bef7913dc8bce951a"},"headline":"Sylvie Nicol (Henkel): \u201cNunca subestimes la calidad de las personas que tienes en tu empresa\u201d","datePublished":"2024-05-02T13:11:58+00:00","mainEntityOfPage":{"@id":"https:\/\/www.iese.edu\/es\/insight\/articulos\/henkel-proposito-emprendimiento-ia-talento-sylvie-nicol\/"},"wordCount":15,"publisher":{"@id":"https:\/\/www.iese.edu\/es\/insight\/#organization"},"image":{"@id":"https:\/\/www.iese.edu\/es\/insight\/articulos\/henkel-proposito-emprendimiento-ia-talento-sylvie-nicol\/#primaryimage"},"thumbnailUrl":"https:\/\/www.iese.edu\/es\/insight\/wp-content\/uploads\/sites\/4\/2024\/03\/sylvie-nicol-Henkel.jpg","keywords":["Direcci\u00f3nDePersonas","liderazgo","prop\u00f3sito"],"inLanguage":"es"},{"@type":"WebPage","@id":"https:\/\/www.iese.edu\/es\/insight\/articulos\/henkel-proposito-emprendimiento-ia-talento-sylvie-nicol\/","url":"https:\/\/www.iese.edu\/es\/insight\/articulos\/henkel-proposito-emprendimiento-ia-talento-sylvie-nicol\/","name":"Sylvie Nicol (Henkel): \u201cNunca subestimes la calidad de las personas que tienes en tu empresa\u201d | IESE Insight","isPartOf":{"@id":"https:\/\/www.iese.edu\/es\/insight\/#website"},"primaryImageOfPage":{"@id":"https:\/\/www.iese.edu\/es\/insight\/articulos\/henkel-proposito-emprendimiento-ia-talento-sylvie-nicol\/#primaryimage"},"image":{"@id":"https:\/\/www.iese.edu\/es\/insight\/articulos\/henkel-proposito-emprendimiento-ia-talento-sylvie-nicol\/#primaryimage"},"thumbnailUrl":"https:\/\/www.iese.edu\/es\/insight\/wp-content\/uploads\/sites\/4\/2024\/03\/sylvie-nicol-Henkel.jpg","datePublished":"2024-05-02T13:11:58+00:00","description":"Una entrevista con Sylvie Nicol sobre c\u00f3mo el prop\u00f3sito y la cultura emprendedora de Henkel les han permitido desarrollarse port treinta a\u00f1os","breadcrumb":{"@id":"https:\/\/www.iese.edu\/es\/insight\/articulos\/henkel-proposito-emprendimiento-ia-talento-sylvie-nicol\/#breadcrumb"},"inLanguage":"es","potentialAction":[{"@type":"ReadAction","target":["https:\/\/www.iese.edu\/es\/insight\/articulos\/henkel-proposito-emprendimiento-ia-talento-sylvie-nicol\/"]}]},{"@type":"ImageObject","inLanguage":"es","@id":"https:\/\/www.iese.edu\/es\/insight\/articulos\/henkel-proposito-emprendimiento-ia-talento-sylvie-nicol\/#primaryimage","url":"https:\/\/www.iese.edu\/es\/insight\/wp-content\/uploads\/sites\/4\/2024\/03\/sylvie-nicol-Henkel.jpg","contentUrl":"https:\/\/www.iese.edu\/es\/insight\/wp-content\/uploads\/sites\/4\/2024\/03\/sylvie-nicol-Henkel.jpg","width":1024,"height":680,"caption":"Sylvie Nicole, de Recursos Humanos, Servicios de Infraestructura y Sostenibilidad en Henkel."},{"@type":"BreadcrumbList","@id":"https:\/\/www.iese.edu\/es\/insight\/articulos\/henkel-proposito-emprendimiento-ia-talento-sylvie-nicol\/#breadcrumb","itemListElement":[{"@type":"ListItem","position":1,"name":"Portada","item":"https:\/\/www.iese.edu\/es\/insight\/"},{"@type":"ListItem","position":2,"name":"Sylvie Nicol (Henkel): \u201cNunca subestimes la calidad de las personas que tienes en tu empresa\u201d"}]},{"@type":"WebSite","@id":"https:\/\/www.iese.edu\/es\/insight\/#website","url":"https:\/\/www.iese.edu\/es\/insight\/","name":"IESE Insight","description":"Relevant Business Knowledge","publisher":{"@id":"https:\/\/www.iese.edu\/es\/insight\/#organization"},"potentialAction":[{"@type":"SearchAction","target":{"@type":"EntryPoint","urlTemplate":"https:\/\/www.iese.edu\/es\/insight\/?s={search_term_string}"},"query-input":{"@type":"PropertyValueSpecification","valueRequired":true,"valueName":"search_term_string"}}],"inLanguage":"es"},{"@type":"Organization","@id":"https:\/\/www.iese.edu\/es\/insight\/#organization","name":"IESE Insight","url":"https:\/\/www.iese.edu\/es\/insight\/","logo":{"@type":"ImageObject","inLanguage":"es","@id":"https:\/\/www.iese.edu\/es\/insight\/#\/schema\/logo\/image\/","url":"https:\/\/www.iese.edu\/es\/insight\/wp-content\/uploads\/sites\/4\/2022\/11\/Logo-IESE.png","contentUrl":"https:\/\/www.iese.edu\/es\/insight\/wp-content\/uploads\/sites\/4\/2022\/11\/Logo-IESE.png","width":290,"height":290,"caption":"IESE Insight"},"image":{"@id":"https:\/\/www.iese.edu\/es\/insight\/#\/schema\/logo\/image\/"}},{"@type":"Person","@id":"https:\/\/www.iese.edu\/es\/insight\/#\/schema\/person\/f5a3e74a1ef60a6bef7913dc8bce951a","name":"Natalia Celis","image":{"@type":"ImageObject","inLanguage":"es","@id":"https:\/\/www.iese.edu\/es\/insight\/#\/schema\/person\/image\/","url":"https:\/\/secure.gravatar.com\/avatar\/5ea4aaede0aa304e571844b933f084212b77df368cfca4a1799e8fd9bc996184?s=96&d=mm&r=g","contentUrl":"https:\/\/secure.gravatar.com\/avatar\/5ea4aaede0aa304e571844b933f084212b77df368cfca4a1799e8fd9bc996184?s=96&d=mm&r=g","caption":"Natalia Celis"}}]}},"_links":{"self":[{"href":"https:\/\/www.iese.edu\/es\/insight\/wp-json\/wp\/v2\/article\/9344","targetHints":{"allow":["GET"]}}],"collection":[{"href":"https:\/\/www.iese.edu\/es\/insight\/wp-json\/wp\/v2\/article"}],"about":[{"href":"https:\/\/www.iese.edu\/es\/insight\/wp-json\/wp\/v2\/types\/article"}],"author":[{"embeddable":true,"href":"https:\/\/www.iese.edu\/es\/insight\/wp-json\/wp\/v2\/users\/51"}],"version-history":[{"count":1,"href":"https:\/\/www.iese.edu\/es\/insight\/wp-json\/wp\/v2\/article\/9344\/revisions"}],"predecessor-version":[{"id":9345,"href":"https:\/\/www.iese.edu\/es\/insight\/wp-json\/wp\/v2\/article\/9344\/revisions\/9345"}],"wp:featuredmedia":[{"embeddable":true,"href":"https:\/\/www.iese.edu\/es\/insight\/wp-json\/wp\/v2\/media\/9346"}],"wp:attachment":[{"href":"https:\/\/www.iese.edu\/es\/insight\/wp-json\/wp\/v2\/media?parent=9344"}],"wp:term":[{"taxonomy":"post_tag","embeddable":true,"href":"https:\/\/www.iese.edu\/es\/insight\/wp-json\/wp\/v2\/tags?post=9344"}],"curies":[{"name":"wp","href":"https:\/\/api.w.org\/{rel}","templated":true}]}}