{"id":18,"date":"2017-02-09T00:00:00","date_gmt":"2017-02-09T00:00:00","guid":{"rendered":"http:\/\/www.iese.edu\/es\/tu-empresa-tambien-puede-crecer-con-la-ayuda-de-una-start-up\/"},"modified":"2023-06-15T11:06:36","modified_gmt":"2023-06-15T11:06:36","slug":"tu-empresa-tambien-puede-crecer-con-la-ayuda-de-una-start-up","status":"publish","type":"post","link":"https:\/\/www.iese.edu\/es\/noticias\/tu-empresa-tambien-puede-crecer-con-la-ayuda-de-una-start-up\/","title":{"rendered":"Tu empresa tambi\u00e9n puede crecer con la ayuda de una  start-up"},"content":{"rendered":"","protected":false},"excerpt":{"rendered":"","protected":false},"author":1,"featured_media":172,"comment_status":"closed","ping_status":"closed","sticky":false,"template":"","format":"standard","meta":{"_acf_changed":false,"footnotes":""},"categories":[2],"tags":[468,466,398,467,465],"class_list":["post-18","post","type-post","status-publish","format-standard","has-post-thumbnail","hentry","category-noticias","tag-catedra-fundacion-bertran","tag-corporate-venturing","tag-julia-prats","tag-mventuresbcn","tag-start-up","locations-barcelona"],"acf":[],"yoast_head":"<!-- This site is optimized with the Yoast SEO Premium plugin v21.7 (Yoast SEO v26.7) - https:\/\/yoast.com\/wordpress\/plugins\/seo\/ -->\n<title>Tu empresa tambi\u00e9n puede crecer con la ayuda de una start-up | IESE<\/title>\n<meta name=\"description\" content=\"La profesora Julia Prats dirige una gu\u00eda para impulsar la innovaci\u00f3n compartida\" \/>\n<meta name=\"robots\" content=\"index, follow, max-snippet:-1, max-image-preview:large, max-video-preview:-1\" \/>\n<link rel=\"canonical\" href=\"https:\/\/www.iese.edu\/es\/noticias\/tu-empresa-tambien-puede-crecer-con-la-ayuda-de-una-start-up\/\" \/>\n<meta property=\"og:locale\" content=\"es_ES\" \/>\n<meta property=\"og:type\" content=\"article\" \/>\n<meta property=\"og:title\" content=\"Tu empresa tambi\u00e9n puede crecer con la ayuda de una start-up\" \/>\n<meta property=\"og:description\" content=\"La profesora Julia Prats dirige una gu\u00eda para impulsar la innovaci\u00f3n compartida\" \/>\n<meta property=\"og:url\" content=\"https:\/\/www.iese.edu\/es\/noticias\/tu-empresa-tambien-puede-crecer-con-la-ayuda-de-una-start-up\/\" \/>\n<meta property=\"og:site_name\" content=\"IESE\" \/>\n<meta property=\"article:published_time\" content=\"2017-02-09T00:00:00+00:00\" \/>\n<meta property=\"article:modified_time\" content=\"2023-06-15T11:06:36+00:00\" \/>\n<meta property=\"og:image\" content=\"https:\/\/www.iese.edu\/es\/wp-content\/uploads\/sites\/2\/2017\/02\/News_20140605_EE_BCN_Fast-Forward_HR-Think-Tank_207_20170206134502.jpg\" \/>\n\t<meta property=\"og:image:width\" content=\"900\" \/>\n\t<meta property=\"og:image:height\" content=\"550\" \/>\n\t<meta property=\"og:image:type\" content=\"image\/jpeg\" \/>\n<meta name=\"author\" content=\"1es3Edu4dm\" \/>\n<meta name=\"twitter:card\" content=\"summary_large_image\" \/>\n<meta name=\"twitter:label1\" content=\"Escrito por\" \/>\n\t<meta name=\"twitter:data1\" content=\"1es3Edu4dm\" \/>\n<script type=\"application\/ld+json\" class=\"yoast-schema-graph\">{\"@context\":\"https:\/\/schema.org\",\"@graph\":[{\"@type\":\"Article\",\"@id\":\"https:\/\/www.iese.edu\/es\/noticias\/tu-empresa-tambien-puede-crecer-con-la-ayuda-de-una-start-up\/#article\",\"isPartOf\":{\"@id\":\"https:\/\/www.iese.edu\/es\/noticias\/tu-empresa-tambien-puede-crecer-con-la-ayuda-de-una-start-up\/\"},\"author\":{\"name\":\"1es3Edu4dm\",\"@id\":\"https:\/\/www.iese.edu\/es\/#\/schema\/person\/ce9ea6c2c6e830cb4a54227fc50bd128\"},\"headline\":\"Tu empresa tambi\u00e9n puede crecer con la ayuda de una start-up\",\"datePublished\":\"2017-02-09T00:00:00+00:00\",\"dateModified\":\"2023-06-15T11:06:36+00:00\",\"mainEntityOfPage\":{\"@id\":\"https:\/\/www.iese.edu\/es\/noticias\/tu-empresa-tambien-puede-crecer-con-la-ayuda-de-una-start-up\/\"},\"wordCount\":12,\"publisher\":{\"@id\":\"https:\/\/www.iese.edu\/es\/#organization\"},\"image\":{\"@id\":\"https:\/\/www.iese.edu\/es\/noticias\/tu-empresa-tambien-puede-crecer-con-la-ayuda-de-una-start-up\/#primaryimage\"},\"thumbnailUrl\":\"https:\/\/www.iese.edu\/es\/wp-content\/uploads\/sites\/2\/2017\/02\/News_20140605_EE_BCN_Fast-Forward_HR-Think-Tank_207_20170206134502.jpg\",\"keywords\":[\"C\u00e1tedra Fundaci\u00f3n Bertr\u00e1n\",\"corporate venturing\",\"J\u00falia Prats\",\"mVenturesBcn\",\"start-up\"],\"articleSection\":[\"Noticias\"],\"inLanguage\":\"es\"},{\"@type\":\"WebPage\",\"@id\":\"https:\/\/www.iese.edu\/es\/noticias\/tu-empresa-tambien-puede-crecer-con-la-ayuda-de-una-start-up\/\",\"url\":\"https:\/\/www.iese.edu\/es\/noticias\/tu-empresa-tambien-puede-crecer-con-la-ayuda-de-una-start-up\/\",\"name\":\"Tu empresa tambi\u00e9n puede crecer con la ayuda de una start-up | IESE\",\"isPartOf\":{\"@id\":\"https:\/\/www.iese.edu\/es\/#website\"},\"primaryImageOfPage\":{\"@id\":\"https:\/\/www.iese.edu\/es\/noticias\/tu-empresa-tambien-puede-crecer-con-la-ayuda-de-una-start-up\/#primaryimage\"},\"image\":{\"@id\":\"https:\/\/www.iese.edu\/es\/noticias\/tu-empresa-tambien-puede-crecer-con-la-ayuda-de-una-start-up\/#primaryimage\"},\"thumbnailUrl\":\"https:\/\/www.iese.edu\/es\/wp-content\/uploads\/sites\/2\/2017\/02\/News_20140605_EE_BCN_Fast-Forward_HR-Think-Tank_207_20170206134502.jpg\",\"datePublished\":\"2017-02-09T00:00:00+00:00\",\"dateModified\":\"2023-06-15T11:06:36+00:00\",\"description\":\"La profesora Julia Prats dirige una gu\u00eda para impulsar la innovaci\u00f3n compartida\",\"breadcrumb\":{\"@id\":\"https:\/\/www.iese.edu\/es\/noticias\/tu-empresa-tambien-puede-crecer-con-la-ayuda-de-una-start-up\/#breadcrumb\"},\"inLanguage\":\"es\",\"potentialAction\":[{\"@type\":\"ReadAction\",\"target\":[\"https:\/\/www.iese.edu\/es\/noticias\/tu-empresa-tambien-puede-crecer-con-la-ayuda-de-una-start-up\/\"]}]},{\"@type\":\"ImageObject\",\"inLanguage\":\"es\",\"@id\":\"https:\/\/www.iese.edu\/es\/noticias\/tu-empresa-tambien-puede-crecer-con-la-ayuda-de-una-start-up\/#primaryimage\",\"url\":\"https:\/\/www.iese.edu\/es\/wp-content\/uploads\/sites\/2\/2017\/02\/News_20140605_EE_BCN_Fast-Forward_HR-Think-Tank_207_20170206134502.jpg\",\"contentUrl\":\"https:\/\/www.iese.edu\/es\/wp-content\/uploads\/sites\/2\/2017\/02\/News_20140605_EE_BCN_Fast-Forward_HR-Think-Tank_207_20170206134502.jpg\",\"width\":900,\"height\":550},{\"@type\":\"BreadcrumbList\",\"@id\":\"https:\/\/www.iese.edu\/es\/noticias\/tu-empresa-tambien-puede-crecer-con-la-ayuda-de-una-start-up\/#breadcrumb\",\"itemListElement\":[{\"@type\":\"ListItem\",\"position\":1,\"name\":\"Home\",\"item\":\"https:\/\/www.iese.edu\/es\/\"},{\"@type\":\"ListItem\",\"position\":2,\"name\":\"Tu empresa tambi\u00e9n puede crecer con la ayuda de una start-up\"}]},{\"@type\":\"WebSite\",\"@id\":\"https:\/\/www.iese.edu\/es\/#website\",\"url\":\"https:\/\/www.iese.edu\/es\/\",\"name\":\"IESE\",\"description\":\"\",\"publisher\":{\"@id\":\"https:\/\/www.iese.edu\/es\/#organization\"},\"potentialAction\":[{\"@type\":\"SearchAction\",\"target\":{\"@type\":\"EntryPoint\",\"urlTemplate\":\"https:\/\/www.iese.edu\/es\/?s={search_term_string}\"},\"query-input\":{\"@type\":\"PropertyValueSpecification\",\"valueRequired\":true,\"valueName\":\"search_term_string\"}}],\"inLanguage\":\"es\"},{\"@type\":\"Organization\",\"@id\":\"https:\/\/www.iese.edu\/es\/#organization\",\"name\":\"IESE Business School\",\"url\":\"https:\/\/www.iese.edu\/es\/\",\"logo\":{\"@type\":\"ImageObject\",\"inLanguage\":\"es\",\"@id\":\"https:\/\/www.iese.edu\/es\/#\/schema\/logo\/image\/\",\"url\":\"https:\/\/www.iese.edu\/es\/wp-content\/uploads\/sites\/2\/2020\/12\/Logo-IESE.png\",\"contentUrl\":\"https:\/\/www.iese.edu\/es\/wp-content\/uploads\/sites\/2\/2020\/12\/Logo-IESE.png\",\"width\":290,\"height\":290,\"caption\":\"IESE Business School\"},\"image\":{\"@id\":\"https:\/\/www.iese.edu\/es\/#\/schema\/logo\/image\/\"}},{\"@type\":\"Person\",\"@id\":\"https:\/\/www.iese.edu\/es\/#\/schema\/person\/ce9ea6c2c6e830cb4a54227fc50bd128\",\"name\":\"1es3Edu4dm\",\"image\":{\"@type\":\"ImageObject\",\"inLanguage\":\"es\",\"@id\":\"https:\/\/www.iese.edu\/es\/#\/schema\/person\/image\/\",\"url\":\"https:\/\/secure.gravatar.com\/avatar\/361aacf621d488c9e3bee750c5665077c4cf539f0c4f8e6d206bb927aa36eead?s=96&d=mm&r=g\",\"contentUrl\":\"https:\/\/secure.gravatar.com\/avatar\/361aacf621d488c9e3bee750c5665077c4cf539f0c4f8e6d206bb927aa36eead?s=96&d=mm&r=g\",\"caption\":\"1es3Edu4dm\"}}]}<\/script>\n<!-- \/ Yoast SEO Premium plugin. -->","yoast_head_json":{"title":"Tu empresa tambi\u00e9n puede crecer con la ayuda de una start-up | IESE","description":"La profesora Julia Prats dirige una gu\u00eda para impulsar la innovaci\u00f3n compartida","robots":{"index":"index","follow":"follow","max-snippet":"max-snippet:-1","max-image-preview":"max-image-preview:large","max-video-preview":"max-video-preview:-1"},"canonical":"https:\/\/www.iese.edu\/es\/noticias\/tu-empresa-tambien-puede-crecer-con-la-ayuda-de-una-start-up\/","og_locale":"es_ES","og_type":"article","og_title":"Tu empresa tambi\u00e9n puede crecer con la ayuda de una start-up","og_description":"La profesora Julia Prats dirige una gu\u00eda para impulsar la innovaci\u00f3n compartida","og_url":"https:\/\/www.iese.edu\/es\/noticias\/tu-empresa-tambien-puede-crecer-con-la-ayuda-de-una-start-up\/","og_site_name":"IESE","article_published_time":"2017-02-09T00:00:00+00:00","article_modified_time":"2023-06-15T11:06:36+00:00","og_image":[{"width":900,"height":550,"url":"https:\/\/www.iese.edu\/es\/wp-content\/uploads\/sites\/2\/2017\/02\/News_20140605_EE_BCN_Fast-Forward_HR-Think-Tank_207_20170206134502.jpg","type":"image\/jpeg"}],"author":"1es3Edu4dm","twitter_card":"summary_large_image","twitter_misc":{"Escrito por":"1es3Edu4dm"},"schema":{"@context":"https:\/\/schema.org","@graph":[{"@type":"Article","@id":"https:\/\/www.iese.edu\/es\/noticias\/tu-empresa-tambien-puede-crecer-con-la-ayuda-de-una-start-up\/#article","isPartOf":{"@id":"https:\/\/www.iese.edu\/es\/noticias\/tu-empresa-tambien-puede-crecer-con-la-ayuda-de-una-start-up\/"},"author":{"name":"1es3Edu4dm","@id":"https:\/\/www.iese.edu\/es\/#\/schema\/person\/ce9ea6c2c6e830cb4a54227fc50bd128"},"headline":"Tu empresa tambi\u00e9n puede crecer con la ayuda de una start-up","datePublished":"2017-02-09T00:00:00+00:00","dateModified":"2023-06-15T11:06:36+00:00","mainEntityOfPage":{"@id":"https:\/\/www.iese.edu\/es\/noticias\/tu-empresa-tambien-puede-crecer-con-la-ayuda-de-una-start-up\/"},"wordCount":12,"publisher":{"@id":"https:\/\/www.iese.edu\/es\/#organization"},"image":{"@id":"https:\/\/www.iese.edu\/es\/noticias\/tu-empresa-tambien-puede-crecer-con-la-ayuda-de-una-start-up\/#primaryimage"},"thumbnailUrl":"https:\/\/www.iese.edu\/es\/wp-content\/uploads\/sites\/2\/2017\/02\/News_20140605_EE_BCN_Fast-Forward_HR-Think-Tank_207_20170206134502.jpg","keywords":["C\u00e1tedra Fundaci\u00f3n Bertr\u00e1n","corporate venturing","J\u00falia Prats","mVenturesBcn","start-up"],"articleSection":["Noticias"],"inLanguage":"es"},{"@type":"WebPage","@id":"https:\/\/www.iese.edu\/es\/noticias\/tu-empresa-tambien-puede-crecer-con-la-ayuda-de-una-start-up\/","url":"https:\/\/www.iese.edu\/es\/noticias\/tu-empresa-tambien-puede-crecer-con-la-ayuda-de-una-start-up\/","name":"Tu empresa tambi\u00e9n puede crecer con la ayuda de una start-up | IESE","isPartOf":{"@id":"https:\/\/www.iese.edu\/es\/#website"},"primaryImageOfPage":{"@id":"https:\/\/www.iese.edu\/es\/noticias\/tu-empresa-tambien-puede-crecer-con-la-ayuda-de-una-start-up\/#primaryimage"},"image":{"@id":"https:\/\/www.iese.edu\/es\/noticias\/tu-empresa-tambien-puede-crecer-con-la-ayuda-de-una-start-up\/#primaryimage"},"thumbnailUrl":"https:\/\/www.iese.edu\/es\/wp-content\/uploads\/sites\/2\/2017\/02\/News_20140605_EE_BCN_Fast-Forward_HR-Think-Tank_207_20170206134502.jpg","datePublished":"2017-02-09T00:00:00+00:00","dateModified":"2023-06-15T11:06:36+00:00","description":"La profesora Julia Prats dirige una gu\u00eda para impulsar la innovaci\u00f3n compartida","breadcrumb":{"@id":"https:\/\/www.iese.edu\/es\/noticias\/tu-empresa-tambien-puede-crecer-con-la-ayuda-de-una-start-up\/#breadcrumb"},"inLanguage":"es","potentialAction":[{"@type":"ReadAction","target":["https:\/\/www.iese.edu\/es\/noticias\/tu-empresa-tambien-puede-crecer-con-la-ayuda-de-una-start-up\/"]}]},{"@type":"ImageObject","inLanguage":"es","@id":"https:\/\/www.iese.edu\/es\/noticias\/tu-empresa-tambien-puede-crecer-con-la-ayuda-de-una-start-up\/#primaryimage","url":"https:\/\/www.iese.edu\/es\/wp-content\/uploads\/sites\/2\/2017\/02\/News_20140605_EE_BCN_Fast-Forward_HR-Think-Tank_207_20170206134502.jpg","contentUrl":"https:\/\/www.iese.edu\/es\/wp-content\/uploads\/sites\/2\/2017\/02\/News_20140605_EE_BCN_Fast-Forward_HR-Think-Tank_207_20170206134502.jpg","width":900,"height":550},{"@type":"BreadcrumbList","@id":"https:\/\/www.iese.edu\/es\/noticias\/tu-empresa-tambien-puede-crecer-con-la-ayuda-de-una-start-up\/#breadcrumb","itemListElement":[{"@type":"ListItem","position":1,"name":"Home","item":"https:\/\/www.iese.edu\/es\/"},{"@type":"ListItem","position":2,"name":"Tu empresa tambi\u00e9n puede crecer con la ayuda de una start-up"}]},{"@type":"WebSite","@id":"https:\/\/www.iese.edu\/es\/#website","url":"https:\/\/www.iese.edu\/es\/","name":"IESE","description":"","publisher":{"@id":"https:\/\/www.iese.edu\/es\/#organization"},"potentialAction":[{"@type":"SearchAction","target":{"@type":"EntryPoint","urlTemplate":"https:\/\/www.iese.edu\/es\/?s={search_term_string}"},"query-input":{"@type":"PropertyValueSpecification","valueRequired":true,"valueName":"search_term_string"}}],"inLanguage":"es"},{"@type":"Organization","@id":"https:\/\/www.iese.edu\/es\/#organization","name":"IESE Business School","url":"https:\/\/www.iese.edu\/es\/","logo":{"@type":"ImageObject","inLanguage":"es","@id":"https:\/\/www.iese.edu\/es\/#\/schema\/logo\/image\/","url":"https:\/\/www.iese.edu\/es\/wp-content\/uploads\/sites\/2\/2020\/12\/Logo-IESE.png","contentUrl":"https:\/\/www.iese.edu\/es\/wp-content\/uploads\/sites\/2\/2020\/12\/Logo-IESE.png","width":290,"height":290,"caption":"IESE Business School"},"image":{"@id":"https:\/\/www.iese.edu\/es\/#\/schema\/logo\/image\/"}},{"@type":"Person","@id":"https:\/\/www.iese.edu\/es\/#\/schema\/person\/ce9ea6c2c6e830cb4a54227fc50bd128","name":"1es3Edu4dm","image":{"@type":"ImageObject","inLanguage":"es","@id":"https:\/\/www.iese.edu\/es\/#\/schema\/person\/image\/","url":"https:\/\/secure.gravatar.com\/avatar\/361aacf621d488c9e3bee750c5665077c4cf539f0c4f8e6d206bb927aa36eead?s=96&d=mm&r=g","contentUrl":"https:\/\/secure.gravatar.com\/avatar\/361aacf621d488c9e3bee750c5665077c4cf539f0c4f8e6d206bb927aa36eead?s=96&d=mm&r=g","caption":"1es3Edu4dm"}}]}},"_links":{"self":[{"href":"https:\/\/www.iese.edu\/es\/wp-json\/wp\/v2\/posts\/18","targetHints":{"allow":["GET"]}}],"collection":[{"href":"https:\/\/www.iese.edu\/es\/wp-json\/wp\/v2\/posts"}],"about":[{"href":"https:\/\/www.iese.edu\/es\/wp-json\/wp\/v2\/types\/post"}],"author":[{"embeddable":true,"href":"https:\/\/www.iese.edu\/es\/wp-json\/wp\/v2\/users\/1"}],"replies":[{"embeddable":true,"href":"https:\/\/www.iese.edu\/es\/wp-json\/wp\/v2\/comments?post=18"}],"version-history":[{"count":3,"href":"https:\/\/www.iese.edu\/es\/wp-json\/wp\/v2\/posts\/18\/revisions"}],"predecessor-version":[{"id":14887,"href":"https:\/\/www.iese.edu\/es\/wp-json\/wp\/v2\/posts\/18\/revisions\/14887"}],"wp:featuredmedia":[{"embeddable":true,"href":"https:\/\/www.iese.edu\/es\/wp-json\/wp\/v2\/media\/172"}],"wp:attachment":[{"href":"https:\/\/www.iese.edu\/es\/wp-json\/wp\/v2\/media?parent=18"}],"wp:term":[{"taxonomy":"category","embeddable":true,"href":"https:\/\/www.iese.edu\/es\/wp-json\/wp\/v2\/categories?post=18"},{"taxonomy":"post_tag","embeddable":true,"href":"https:\/\/www.iese.edu\/es\/wp-json\/wp\/v2\/tags?post=18"}],"curies":[{"name":"wp","href":"https:\/\/api.w.org\/{rel}","templated":true}]}}