{"id":2647,"date":"2018-08-16T00:00:00","date_gmt":"2018-08-16T00:00:00","guid":{"rendered":"http:\/\/www.iese.edu\/es\/noticias\/investigacion-al-servicio-de-la-agenda-directiva\/"},"modified":"2023-06-15T10:30:57","modified_gmt":"2023-06-15T10:30:57","slug":"investigacion-al-servicio-de-la-agenda-directiva","status":"publish","type":"post","link":"https:\/\/www.iese.edu\/es\/noticias\/investigacion-al-servicio-de-la-agenda-directiva\/","title":{"rendered":"Investigaci\u00f3n al servicio de la agenda directiva"},"content":{"rendered":"","protected":false},"excerpt":{"rendered":"","protected":false},"author":1,"featured_media":2648,"comment_status":"closed","ping_status":"closed","sticky":false,"template":"","format":"standard","meta":{"_acf_changed":false,"footnotes":""},"categories":[2,3],"tags":[159,177,3465,385,132,3466,198,164,29,134,131,3464],"class_list":["post-2647","post","type-post","status-publish","format-standard","has-post-thumbnail","hentry","category-noticias","category-protagonistas","tag-africa-arino","tag-guido-stein","tag-heinrich-liechtenstein","tag-i-wil","tag-johannes-muller-trede","tag-kate-barasz","tag-mireia-las-heras","tag-nuria-chinchilla","tag-pankaj-ghemawat","tag-sanja-tumbas","tag-sebastian-hafenbradl","tag-stefano-sacchetto"],"acf":[],"yoast_head":"<!-- This site is optimized with the Yoast SEO Premium plugin v21.7 (Yoast SEO v26.7) - https:\/\/yoast.com\/wordpress\/plugins\/seo\/ -->\n<title>Investigaci\u00f3n al servicio de la agenda directiva | IESE Business School<\/title>\n<meta name=\"description\" content=\"Las inquietudes empresariales y sociales, protagonistas de la investigaci\u00f3n de este curso\" \/>\n<meta name=\"robots\" content=\"index, follow, max-snippet:-1, max-image-preview:large, max-video-preview:-1\" \/>\n<link rel=\"canonical\" href=\"https:\/\/www.iese.edu\/es\/noticias\/investigacion-al-servicio-de-la-agenda-directiva\/\" \/>\n<meta property=\"og:locale\" content=\"es_ES\" \/>\n<meta property=\"og:type\" content=\"article\" \/>\n<meta property=\"og:title\" content=\"Investigaci\u00f3n al servicio de la agenda directiva\" \/>\n<meta property=\"og:description\" content=\"Las inquietudes empresariales y sociales, protagonistas de la investigaci\u00f3n de este curso\" \/>\n<meta property=\"og:url\" content=\"https:\/\/www.iese.edu\/es\/noticias\/investigacion-al-servicio-de-la-agenda-directiva\/\" \/>\n<meta property=\"og:site_name\" content=\"IESE\" \/>\n<meta property=\"article:published_time\" content=\"2018-08-16T00:00:00+00:00\" \/>\n<meta property=\"article:modified_time\" content=\"2023-06-15T10:30:57+00:00\" \/>\n<meta property=\"og:image\" content=\"https:\/\/www.iese.edu\/es\/wp-content\/uploads\/sites\/2\/2018\/11\/Research-IESE-2018_20180816103603.jpg\" \/>\n\t<meta property=\"og:image:width\" content=\"900\" \/>\n\t<meta property=\"og:image:height\" content=\"550\" \/>\n\t<meta property=\"og:image:type\" content=\"image\/jpeg\" \/>\n<meta name=\"author\" content=\"1es3Edu4dm\" \/>\n<meta name=\"twitter:card\" content=\"summary_large_image\" \/>\n<meta name=\"twitter:label1\" content=\"Escrito por\" \/>\n\t<meta name=\"twitter:data1\" content=\"1es3Edu4dm\" \/>\n<script type=\"application\/ld+json\" class=\"yoast-schema-graph\">{\"@context\":\"https:\/\/schema.org\",\"@graph\":[{\"@type\":\"Article\",\"@id\":\"https:\/\/www.iese.edu\/es\/noticias\/investigacion-al-servicio-de-la-agenda-directiva\/#article\",\"isPartOf\":{\"@id\":\"https:\/\/www.iese.edu\/es\/noticias\/investigacion-al-servicio-de-la-agenda-directiva\/\"},\"author\":{\"name\":\"1es3Edu4dm\",\"@id\":\"https:\/\/www.iese.edu\/es\/#\/schema\/person\/ce9ea6c2c6e830cb4a54227fc50bd128\"},\"headline\":\"Investigaci\u00f3n al servicio de la agenda directiva\",\"datePublished\":\"2018-08-16T00:00:00+00:00\",\"dateModified\":\"2023-06-15T10:30:57+00:00\",\"mainEntityOfPage\":{\"@id\":\"https:\/\/www.iese.edu\/es\/noticias\/investigacion-al-servicio-de-la-agenda-directiva\/\"},\"wordCount\":8,\"publisher\":{\"@id\":\"https:\/\/www.iese.edu\/es\/#organization\"},\"image\":{\"@id\":\"https:\/\/www.iese.edu\/es\/noticias\/investigacion-al-servicio-de-la-agenda-directiva\/#primaryimage\"},\"thumbnailUrl\":\"https:\/\/www.iese.edu\/es\/wp-content\/uploads\/sites\/2\/2018\/11\/Research-IESE-2018_20180816103603.jpg\",\"keywords\":[\"\u00c1frica Ari\u00f1o\",\"Guido Stein\",\"Heinrich Liechtenstein\",\"I-WIL\",\"Johannes M\u00fcller-Trede\",\"Kate Barasz\",\"MIreia Las Heras\",\"Nuria Chinchilla\",\"Pankaj Ghemawat\",\"Sanja Tumbas\",\"Sebastian Hafenbr\u00e4dl\",\"Stefano Sacchetto\"],\"articleSection\":[\"Noticias\",\"Protagonistas\"],\"inLanguage\":\"es\"},{\"@type\":\"WebPage\",\"@id\":\"https:\/\/www.iese.edu\/es\/noticias\/investigacion-al-servicio-de-la-agenda-directiva\/\",\"url\":\"https:\/\/www.iese.edu\/es\/noticias\/investigacion-al-servicio-de-la-agenda-directiva\/\",\"name\":\"Investigaci\u00f3n al servicio de la agenda directiva | IESE Business School\",\"isPartOf\":{\"@id\":\"https:\/\/www.iese.edu\/es\/#website\"},\"primaryImageOfPage\":{\"@id\":\"https:\/\/www.iese.edu\/es\/noticias\/investigacion-al-servicio-de-la-agenda-directiva\/#primaryimage\"},\"image\":{\"@id\":\"https:\/\/www.iese.edu\/es\/noticias\/investigacion-al-servicio-de-la-agenda-directiva\/#primaryimage\"},\"thumbnailUrl\":\"https:\/\/www.iese.edu\/es\/wp-content\/uploads\/sites\/2\/2018\/11\/Research-IESE-2018_20180816103603.jpg\",\"datePublished\":\"2018-08-16T00:00:00+00:00\",\"dateModified\":\"2023-06-15T10:30:57+00:00\",\"description\":\"Las inquietudes empresariales y sociales, protagonistas de la investigaci\u00f3n de este curso\",\"breadcrumb\":{\"@id\":\"https:\/\/www.iese.edu\/es\/noticias\/investigacion-al-servicio-de-la-agenda-directiva\/#breadcrumb\"},\"inLanguage\":\"es\",\"potentialAction\":[{\"@type\":\"ReadAction\",\"target\":[\"https:\/\/www.iese.edu\/es\/noticias\/investigacion-al-servicio-de-la-agenda-directiva\/\"]}]},{\"@type\":\"ImageObject\",\"inLanguage\":\"es\",\"@id\":\"https:\/\/www.iese.edu\/es\/noticias\/investigacion-al-servicio-de-la-agenda-directiva\/#primaryimage\",\"url\":\"https:\/\/www.iese.edu\/es\/wp-content\/uploads\/sites\/2\/2018\/11\/Research-IESE-2018_20180816103603.jpg\",\"contentUrl\":\"https:\/\/www.iese.edu\/es\/wp-content\/uploads\/sites\/2\/2018\/11\/Research-IESE-2018_20180816103603.jpg\",\"width\":900,\"height\":550},{\"@type\":\"BreadcrumbList\",\"@id\":\"https:\/\/www.iese.edu\/es\/noticias\/investigacion-al-servicio-de-la-agenda-directiva\/#breadcrumb\",\"itemListElement\":[{\"@type\":\"ListItem\",\"position\":1,\"name\":\"Home\",\"item\":\"https:\/\/www.iese.edu\/es\/\"},{\"@type\":\"ListItem\",\"position\":2,\"name\":\"Investigaci\u00f3n al servicio de la agenda directiva\"}]},{\"@type\":\"WebSite\",\"@id\":\"https:\/\/www.iese.edu\/es\/#website\",\"url\":\"https:\/\/www.iese.edu\/es\/\",\"name\":\"IESE\",\"description\":\"\",\"publisher\":{\"@id\":\"https:\/\/www.iese.edu\/es\/#organization\"},\"potentialAction\":[{\"@type\":\"SearchAction\",\"target\":{\"@type\":\"EntryPoint\",\"urlTemplate\":\"https:\/\/www.iese.edu\/es\/?s={search_term_string}\"},\"query-input\":{\"@type\":\"PropertyValueSpecification\",\"valueRequired\":true,\"valueName\":\"search_term_string\"}}],\"inLanguage\":\"es\"},{\"@type\":\"Organization\",\"@id\":\"https:\/\/www.iese.edu\/es\/#organization\",\"name\":\"IESE Business School\",\"url\":\"https:\/\/www.iese.edu\/es\/\",\"logo\":{\"@type\":\"ImageObject\",\"inLanguage\":\"es\",\"@id\":\"https:\/\/www.iese.edu\/es\/#\/schema\/logo\/image\/\",\"url\":\"https:\/\/www.iese.edu\/es\/wp-content\/uploads\/sites\/2\/2020\/12\/Logo-IESE.png\",\"contentUrl\":\"https:\/\/www.iese.edu\/es\/wp-content\/uploads\/sites\/2\/2020\/12\/Logo-IESE.png\",\"width\":290,\"height\":290,\"caption\":\"IESE Business School\"},\"image\":{\"@id\":\"https:\/\/www.iese.edu\/es\/#\/schema\/logo\/image\/\"}},{\"@type\":\"Person\",\"@id\":\"https:\/\/www.iese.edu\/es\/#\/schema\/person\/ce9ea6c2c6e830cb4a54227fc50bd128\",\"name\":\"1es3Edu4dm\",\"image\":{\"@type\":\"ImageObject\",\"inLanguage\":\"es\",\"@id\":\"https:\/\/www.iese.edu\/es\/#\/schema\/person\/image\/\",\"url\":\"https:\/\/secure.gravatar.com\/avatar\/361aacf621d488c9e3bee750c5665077c4cf539f0c4f8e6d206bb927aa36eead?s=96&d=mm&r=g\",\"contentUrl\":\"https:\/\/secure.gravatar.com\/avatar\/361aacf621d488c9e3bee750c5665077c4cf539f0c4f8e6d206bb927aa36eead?s=96&d=mm&r=g\",\"caption\":\"1es3Edu4dm\"}}]}<\/script>\n<!-- \/ Yoast SEO Premium plugin. -->","yoast_head_json":{"title":"Investigaci\u00f3n al servicio de la agenda directiva | IESE Business School","description":"Las inquietudes empresariales y sociales, protagonistas de la investigaci\u00f3n de este curso","robots":{"index":"index","follow":"follow","max-snippet":"max-snippet:-1","max-image-preview":"max-image-preview:large","max-video-preview":"max-video-preview:-1"},"canonical":"https:\/\/www.iese.edu\/es\/noticias\/investigacion-al-servicio-de-la-agenda-directiva\/","og_locale":"es_ES","og_type":"article","og_title":"Investigaci\u00f3n al servicio de la agenda directiva","og_description":"Las inquietudes empresariales y sociales, protagonistas de la investigaci\u00f3n de este curso","og_url":"https:\/\/www.iese.edu\/es\/noticias\/investigacion-al-servicio-de-la-agenda-directiva\/","og_site_name":"IESE","article_published_time":"2018-08-16T00:00:00+00:00","article_modified_time":"2023-06-15T10:30:57+00:00","og_image":[{"width":900,"height":550,"url":"https:\/\/www.iese.edu\/es\/wp-content\/uploads\/sites\/2\/2018\/11\/Research-IESE-2018_20180816103603.jpg","type":"image\/jpeg"}],"author":"1es3Edu4dm","twitter_card":"summary_large_image","twitter_misc":{"Escrito por":"1es3Edu4dm"},"schema":{"@context":"https:\/\/schema.org","@graph":[{"@type":"Article","@id":"https:\/\/www.iese.edu\/es\/noticias\/investigacion-al-servicio-de-la-agenda-directiva\/#article","isPartOf":{"@id":"https:\/\/www.iese.edu\/es\/noticias\/investigacion-al-servicio-de-la-agenda-directiva\/"},"author":{"name":"1es3Edu4dm","@id":"https:\/\/www.iese.edu\/es\/#\/schema\/person\/ce9ea6c2c6e830cb4a54227fc50bd128"},"headline":"Investigaci\u00f3n al servicio de la agenda directiva","datePublished":"2018-08-16T00:00:00+00:00","dateModified":"2023-06-15T10:30:57+00:00","mainEntityOfPage":{"@id":"https:\/\/www.iese.edu\/es\/noticias\/investigacion-al-servicio-de-la-agenda-directiva\/"},"wordCount":8,"publisher":{"@id":"https:\/\/www.iese.edu\/es\/#organization"},"image":{"@id":"https:\/\/www.iese.edu\/es\/noticias\/investigacion-al-servicio-de-la-agenda-directiva\/#primaryimage"},"thumbnailUrl":"https:\/\/www.iese.edu\/es\/wp-content\/uploads\/sites\/2\/2018\/11\/Research-IESE-2018_20180816103603.jpg","keywords":["\u00c1frica Ari\u00f1o","Guido Stein","Heinrich Liechtenstein","I-WIL","Johannes M\u00fcller-Trede","Kate Barasz","MIreia Las Heras","Nuria Chinchilla","Pankaj Ghemawat","Sanja Tumbas","Sebastian Hafenbr\u00e4dl","Stefano Sacchetto"],"articleSection":["Noticias","Protagonistas"],"inLanguage":"es"},{"@type":"WebPage","@id":"https:\/\/www.iese.edu\/es\/noticias\/investigacion-al-servicio-de-la-agenda-directiva\/","url":"https:\/\/www.iese.edu\/es\/noticias\/investigacion-al-servicio-de-la-agenda-directiva\/","name":"Investigaci\u00f3n al servicio de la agenda directiva | IESE Business School","isPartOf":{"@id":"https:\/\/www.iese.edu\/es\/#website"},"primaryImageOfPage":{"@id":"https:\/\/www.iese.edu\/es\/noticias\/investigacion-al-servicio-de-la-agenda-directiva\/#primaryimage"},"image":{"@id":"https:\/\/www.iese.edu\/es\/noticias\/investigacion-al-servicio-de-la-agenda-directiva\/#primaryimage"},"thumbnailUrl":"https:\/\/www.iese.edu\/es\/wp-content\/uploads\/sites\/2\/2018\/11\/Research-IESE-2018_20180816103603.jpg","datePublished":"2018-08-16T00:00:00+00:00","dateModified":"2023-06-15T10:30:57+00:00","description":"Las inquietudes empresariales y sociales, protagonistas de la investigaci\u00f3n de este curso","breadcrumb":{"@id":"https:\/\/www.iese.edu\/es\/noticias\/investigacion-al-servicio-de-la-agenda-directiva\/#breadcrumb"},"inLanguage":"es","potentialAction":[{"@type":"ReadAction","target":["https:\/\/www.iese.edu\/es\/noticias\/investigacion-al-servicio-de-la-agenda-directiva\/"]}]},{"@type":"ImageObject","inLanguage":"es","@id":"https:\/\/www.iese.edu\/es\/noticias\/investigacion-al-servicio-de-la-agenda-directiva\/#primaryimage","url":"https:\/\/www.iese.edu\/es\/wp-content\/uploads\/sites\/2\/2018\/11\/Research-IESE-2018_20180816103603.jpg","contentUrl":"https:\/\/www.iese.edu\/es\/wp-content\/uploads\/sites\/2\/2018\/11\/Research-IESE-2018_20180816103603.jpg","width":900,"height":550},{"@type":"BreadcrumbList","@id":"https:\/\/www.iese.edu\/es\/noticias\/investigacion-al-servicio-de-la-agenda-directiva\/#breadcrumb","itemListElement":[{"@type":"ListItem","position":1,"name":"Home","item":"https:\/\/www.iese.edu\/es\/"},{"@type":"ListItem","position":2,"name":"Investigaci\u00f3n al servicio de la agenda directiva"}]},{"@type":"WebSite","@id":"https:\/\/www.iese.edu\/es\/#website","url":"https:\/\/www.iese.edu\/es\/","name":"IESE","description":"","publisher":{"@id":"https:\/\/www.iese.edu\/es\/#organization"},"potentialAction":[{"@type":"SearchAction","target":{"@type":"EntryPoint","urlTemplate":"https:\/\/www.iese.edu\/es\/?s={search_term_string}"},"query-input":{"@type":"PropertyValueSpecification","valueRequired":true,"valueName":"search_term_string"}}],"inLanguage":"es"},{"@type":"Organization","@id":"https:\/\/www.iese.edu\/es\/#organization","name":"IESE Business School","url":"https:\/\/www.iese.edu\/es\/","logo":{"@type":"ImageObject","inLanguage":"es","@id":"https:\/\/www.iese.edu\/es\/#\/schema\/logo\/image\/","url":"https:\/\/www.iese.edu\/es\/wp-content\/uploads\/sites\/2\/2020\/12\/Logo-IESE.png","contentUrl":"https:\/\/www.iese.edu\/es\/wp-content\/uploads\/sites\/2\/2020\/12\/Logo-IESE.png","width":290,"height":290,"caption":"IESE Business School"},"image":{"@id":"https:\/\/www.iese.edu\/es\/#\/schema\/logo\/image\/"}},{"@type":"Person","@id":"https:\/\/www.iese.edu\/es\/#\/schema\/person\/ce9ea6c2c6e830cb4a54227fc50bd128","name":"1es3Edu4dm","image":{"@type":"ImageObject","inLanguage":"es","@id":"https:\/\/www.iese.edu\/es\/#\/schema\/person\/image\/","url":"https:\/\/secure.gravatar.com\/avatar\/361aacf621d488c9e3bee750c5665077c4cf539f0c4f8e6d206bb927aa36eead?s=96&d=mm&r=g","contentUrl":"https:\/\/secure.gravatar.com\/avatar\/361aacf621d488c9e3bee750c5665077c4cf539f0c4f8e6d206bb927aa36eead?s=96&d=mm&r=g","caption":"1es3Edu4dm"}}]}},"_links":{"self":[{"href":"https:\/\/www.iese.edu\/es\/wp-json\/wp\/v2\/posts\/2647","targetHints":{"allow":["GET"]}}],"collection":[{"href":"https:\/\/www.iese.edu\/es\/wp-json\/wp\/v2\/posts"}],"about":[{"href":"https:\/\/www.iese.edu\/es\/wp-json\/wp\/v2\/types\/post"}],"author":[{"embeddable":true,"href":"https:\/\/www.iese.edu\/es\/wp-json\/wp\/v2\/users\/1"}],"replies":[{"embeddable":true,"href":"https:\/\/www.iese.edu\/es\/wp-json\/wp\/v2\/comments?post=2647"}],"version-history":[{"count":3,"href":"https:\/\/www.iese.edu\/es\/wp-json\/wp\/v2\/posts\/2647\/revisions"}],"predecessor-version":[{"id":14877,"href":"https:\/\/www.iese.edu\/es\/wp-json\/wp\/v2\/posts\/2647\/revisions\/14877"}],"wp:featuredmedia":[{"embeddable":true,"href":"https:\/\/www.iese.edu\/es\/wp-json\/wp\/v2\/media\/2648"}],"wp:attachment":[{"href":"https:\/\/www.iese.edu\/es\/wp-json\/wp\/v2\/media?parent=2647"}],"wp:term":[{"taxonomy":"category","embeddable":true,"href":"https:\/\/www.iese.edu\/es\/wp-json\/wp\/v2\/categories?post=2647"},{"taxonomy":"post_tag","embeddable":true,"href":"https:\/\/www.iese.edu\/es\/wp-json\/wp\/v2\/tags?post=2647"}],"curies":[{"name":"wp","href":"https:\/\/api.w.org\/{rel}","templated":true}]}}