{"id":5367,"date":"2014-06-30T09:05:18","date_gmt":"2014-06-30T09:05:18","guid":{"rendered":"https:\/\/www.iese.edu\/es\/?p=5367"},"modified":"2020-03-06T16:14:46","modified_gmt":"2020-03-06T16:14:46","slug":"fast-fashion-modelo-que-rompe-moldes","status":"publish","type":"post","link":"https:\/\/www.iese.edu\/es\/noticias\/fast-fashion-modelo-que-rompe-moldes\/","title":{"rendered":"Fast Fashion: un modelo que rompe moldes"},"content":{"rendered":"","protected":false},"excerpt":{"rendered":"","protected":false},"author":27,"featured_media":5368,"comment_status":"closed","ping_status":"closed","sticky":false,"template":"","format":"standard","meta":{"_acf_changed":false,"footnotes":""},"categories":[2],"tags":[8733,125,451,8732,452],"class_list":["post-5367","post","type-post","status-publish","format-standard","has-post-thumbnail","hentry","category-noticias","tag-fast-fashion","tag-iese-insight","tag-industria-de-la-moda","tag-moda","tag-victor-martinez-de-albeniz"],"acf":[],"yoast_head":"<!-- This site is optimized with the Yoast SEO Premium plugin v21.7 (Yoast SEO v26.7) - https:\/\/yoast.com\/wordpress\/plugins\/seo\/ -->\n<title>Fast Fashion: un modelo que rompe moldes | IESE Business School<\/title>\n<meta name=\"description\" content=\"V\u00edctor Mart\u00ednez investiga el \u00e9xito de las cadenas de moda\" \/>\n<meta name=\"robots\" content=\"index, follow, max-snippet:-1, max-image-preview:large, max-video-preview:-1\" \/>\n<link rel=\"canonical\" href=\"https:\/\/www.iese.edu\/es\/noticias\/fast-fashion-modelo-que-rompe-moldes\/\" \/>\n<meta property=\"og:locale\" content=\"es_ES\" \/>\n<meta property=\"og:type\" content=\"article\" \/>\n<meta property=\"og:title\" content=\"Fast Fashion: un modelo que rompe moldes\" \/>\n<meta property=\"og:description\" content=\"V\u00edctor Mart\u00ednez investiga el \u00e9xito de las cadenas de moda\" \/>\n<meta property=\"og:url\" content=\"https:\/\/www.iese.edu\/es\/noticias\/fast-fashion-modelo-que-rompe-moldes\/\" \/>\n<meta property=\"og:site_name\" content=\"IESE\" \/>\n<meta property=\"article:published_time\" content=\"2014-06-30T09:05:18+00:00\" \/>\n<meta property=\"article:modified_time\" content=\"2020-03-06T16:14:46+00:00\" \/>\n<meta property=\"og:image\" content=\"https:\/\/www.iese.edu\/es\/wp-content\/uploads\/sites\/2\/2020\/03\/fast-fashion-model.jpg\" \/>\n\t<meta property=\"og:image:width\" content=\"572\" \/>\n\t<meta property=\"og:image:height\" content=\"350\" \/>\n\t<meta property=\"og:image:type\" content=\"image\/jpeg\" \/>\n<meta name=\"author\" content=\"cbach\" \/>\n<meta name=\"twitter:card\" content=\"summary_large_image\" \/>\n<meta name=\"twitter:label1\" content=\"Escrito por\" \/>\n\t<meta name=\"twitter:data1\" content=\"cbach\" \/>\n<script type=\"application\/ld+json\" class=\"yoast-schema-graph\">{\"@context\":\"https:\/\/schema.org\",\"@graph\":[{\"@type\":\"Article\",\"@id\":\"https:\/\/www.iese.edu\/es\/noticias\/fast-fashion-modelo-que-rompe-moldes\/#article\",\"isPartOf\":{\"@id\":\"https:\/\/www.iese.edu\/es\/noticias\/fast-fashion-modelo-que-rompe-moldes\/\"},\"author\":{\"name\":\"cbach\",\"@id\":\"https:\/\/www.iese.edu\/es\/#\/schema\/person\/d8cef1819ef5bf17b1311bd0bf242806\"},\"headline\":\"Fast Fashion: un modelo que rompe moldes\",\"datePublished\":\"2014-06-30T09:05:18+00:00\",\"dateModified\":\"2020-03-06T16:14:46+00:00\",\"mainEntityOfPage\":{\"@id\":\"https:\/\/www.iese.edu\/es\/noticias\/fast-fashion-modelo-que-rompe-moldes\/\"},\"wordCount\":7,\"publisher\":{\"@id\":\"https:\/\/www.iese.edu\/es\/#organization\"},\"image\":{\"@id\":\"https:\/\/www.iese.edu\/es\/noticias\/fast-fashion-modelo-que-rompe-moldes\/#primaryimage\"},\"thumbnailUrl\":\"https:\/\/www.iese.edu\/es\/wp-content\/uploads\/sites\/2\/2020\/03\/fast-fashion-model.jpg\",\"keywords\":[\"Fast Fashion\",\"IESE Insight\",\"industria de la moda\",\"Moda\",\"V\u00edctor Mart\u00ednez de Alb\u00e9niz\"],\"articleSection\":[\"Noticias\"],\"inLanguage\":\"es\"},{\"@type\":\"WebPage\",\"@id\":\"https:\/\/www.iese.edu\/es\/noticias\/fast-fashion-modelo-que-rompe-moldes\/\",\"url\":\"https:\/\/www.iese.edu\/es\/noticias\/fast-fashion-modelo-que-rompe-moldes\/\",\"name\":\"Fast Fashion: un modelo que rompe moldes | IESE Business School\",\"isPartOf\":{\"@id\":\"https:\/\/www.iese.edu\/es\/#website\"},\"primaryImageOfPage\":{\"@id\":\"https:\/\/www.iese.edu\/es\/noticias\/fast-fashion-modelo-que-rompe-moldes\/#primaryimage\"},\"image\":{\"@id\":\"https:\/\/www.iese.edu\/es\/noticias\/fast-fashion-modelo-que-rompe-moldes\/#primaryimage\"},\"thumbnailUrl\":\"https:\/\/www.iese.edu\/es\/wp-content\/uploads\/sites\/2\/2020\/03\/fast-fashion-model.jpg\",\"datePublished\":\"2014-06-30T09:05:18+00:00\",\"dateModified\":\"2020-03-06T16:14:46+00:00\",\"description\":\"V\u00edctor Mart\u00ednez investiga el \u00e9xito de las cadenas de moda\",\"breadcrumb\":{\"@id\":\"https:\/\/www.iese.edu\/es\/noticias\/fast-fashion-modelo-que-rompe-moldes\/#breadcrumb\"},\"inLanguage\":\"es\",\"potentialAction\":[{\"@type\":\"ReadAction\",\"target\":[\"https:\/\/www.iese.edu\/es\/noticias\/fast-fashion-modelo-que-rompe-moldes\/\"]}]},{\"@type\":\"ImageObject\",\"inLanguage\":\"es\",\"@id\":\"https:\/\/www.iese.edu\/es\/noticias\/fast-fashion-modelo-que-rompe-moldes\/#primaryimage\",\"url\":\"https:\/\/www.iese.edu\/es\/wp-content\/uploads\/sites\/2\/2020\/03\/fast-fashion-model.jpg\",\"contentUrl\":\"https:\/\/www.iese.edu\/es\/wp-content\/uploads\/sites\/2\/2020\/03\/fast-fashion-model.jpg\",\"width\":572,\"height\":350,\"caption\":\"Fast Fashion: un modelo que rompe moldes | IESE Business School\"},{\"@type\":\"BreadcrumbList\",\"@id\":\"https:\/\/www.iese.edu\/es\/noticias\/fast-fashion-modelo-que-rompe-moldes\/#breadcrumb\",\"itemListElement\":[{\"@type\":\"ListItem\",\"position\":1,\"name\":\"Home\",\"item\":\"https:\/\/www.iese.edu\/es\/\"},{\"@type\":\"ListItem\",\"position\":2,\"name\":\"Fast Fashion: un modelo que rompe moldes\"}]},{\"@type\":\"WebSite\",\"@id\":\"https:\/\/www.iese.edu\/es\/#website\",\"url\":\"https:\/\/www.iese.edu\/es\/\",\"name\":\"IESE\",\"description\":\"\",\"publisher\":{\"@id\":\"https:\/\/www.iese.edu\/es\/#organization\"},\"potentialAction\":[{\"@type\":\"SearchAction\",\"target\":{\"@type\":\"EntryPoint\",\"urlTemplate\":\"https:\/\/www.iese.edu\/es\/?s={search_term_string}\"},\"query-input\":{\"@type\":\"PropertyValueSpecification\",\"valueRequired\":true,\"valueName\":\"search_term_string\"}}],\"inLanguage\":\"es\"},{\"@type\":\"Organization\",\"@id\":\"https:\/\/www.iese.edu\/es\/#organization\",\"name\":\"IESE Business School\",\"url\":\"https:\/\/www.iese.edu\/es\/\",\"logo\":{\"@type\":\"ImageObject\",\"inLanguage\":\"es\",\"@id\":\"https:\/\/www.iese.edu\/es\/#\/schema\/logo\/image\/\",\"url\":\"https:\/\/www.iese.edu\/es\/wp-content\/uploads\/sites\/2\/2020\/12\/Logo-IESE.png\",\"contentUrl\":\"https:\/\/www.iese.edu\/es\/wp-content\/uploads\/sites\/2\/2020\/12\/Logo-IESE.png\",\"width\":290,\"height\":290,\"caption\":\"IESE Business School\"},\"image\":{\"@id\":\"https:\/\/www.iese.edu\/es\/#\/schema\/logo\/image\/\"}},{\"@type\":\"Person\",\"@id\":\"https:\/\/www.iese.edu\/es\/#\/schema\/person\/d8cef1819ef5bf17b1311bd0bf242806\",\"name\":\"cbach\",\"image\":{\"@type\":\"ImageObject\",\"inLanguage\":\"es\",\"@id\":\"https:\/\/www.iese.edu\/es\/#\/schema\/person\/image\/\",\"url\":\"https:\/\/secure.gravatar.com\/avatar\/c71defb83d87476af8f134a101a18672934abfe20b46442355f94f515c3a4a7b?s=96&d=mm&r=g\",\"contentUrl\":\"https:\/\/secure.gravatar.com\/avatar\/c71defb83d87476af8f134a101a18672934abfe20b46442355f94f515c3a4a7b?s=96&d=mm&r=g\",\"caption\":\"cbach\"}}]}<\/script>\n<!-- \/ Yoast SEO Premium plugin. -->","yoast_head_json":{"title":"Fast Fashion: un modelo que rompe moldes | IESE Business School","description":"V\u00edctor Mart\u00ednez investiga el \u00e9xito de las cadenas de moda","robots":{"index":"index","follow":"follow","max-snippet":"max-snippet:-1","max-image-preview":"max-image-preview:large","max-video-preview":"max-video-preview:-1"},"canonical":"https:\/\/www.iese.edu\/es\/noticias\/fast-fashion-modelo-que-rompe-moldes\/","og_locale":"es_ES","og_type":"article","og_title":"Fast Fashion: un modelo que rompe moldes","og_description":"V\u00edctor Mart\u00ednez investiga el \u00e9xito de las cadenas de moda","og_url":"https:\/\/www.iese.edu\/es\/noticias\/fast-fashion-modelo-que-rompe-moldes\/","og_site_name":"IESE","article_published_time":"2014-06-30T09:05:18+00:00","article_modified_time":"2020-03-06T16:14:46+00:00","og_image":[{"width":572,"height":350,"url":"https:\/\/www.iese.edu\/es\/wp-content\/uploads\/sites\/2\/2020\/03\/fast-fashion-model.jpg","type":"image\/jpeg"}],"author":"cbach","twitter_card":"summary_large_image","twitter_misc":{"Escrito por":"cbach"},"schema":{"@context":"https:\/\/schema.org","@graph":[{"@type":"Article","@id":"https:\/\/www.iese.edu\/es\/noticias\/fast-fashion-modelo-que-rompe-moldes\/#article","isPartOf":{"@id":"https:\/\/www.iese.edu\/es\/noticias\/fast-fashion-modelo-que-rompe-moldes\/"},"author":{"name":"cbach","@id":"https:\/\/www.iese.edu\/es\/#\/schema\/person\/d8cef1819ef5bf17b1311bd0bf242806"},"headline":"Fast Fashion: un modelo que rompe moldes","datePublished":"2014-06-30T09:05:18+00:00","dateModified":"2020-03-06T16:14:46+00:00","mainEntityOfPage":{"@id":"https:\/\/www.iese.edu\/es\/noticias\/fast-fashion-modelo-que-rompe-moldes\/"},"wordCount":7,"publisher":{"@id":"https:\/\/www.iese.edu\/es\/#organization"},"image":{"@id":"https:\/\/www.iese.edu\/es\/noticias\/fast-fashion-modelo-que-rompe-moldes\/#primaryimage"},"thumbnailUrl":"https:\/\/www.iese.edu\/es\/wp-content\/uploads\/sites\/2\/2020\/03\/fast-fashion-model.jpg","keywords":["Fast Fashion","IESE Insight","industria de la moda","Moda","V\u00edctor Mart\u00ednez de Alb\u00e9niz"],"articleSection":["Noticias"],"inLanguage":"es"},{"@type":"WebPage","@id":"https:\/\/www.iese.edu\/es\/noticias\/fast-fashion-modelo-que-rompe-moldes\/","url":"https:\/\/www.iese.edu\/es\/noticias\/fast-fashion-modelo-que-rompe-moldes\/","name":"Fast Fashion: un modelo que rompe moldes | IESE Business School","isPartOf":{"@id":"https:\/\/www.iese.edu\/es\/#website"},"primaryImageOfPage":{"@id":"https:\/\/www.iese.edu\/es\/noticias\/fast-fashion-modelo-que-rompe-moldes\/#primaryimage"},"image":{"@id":"https:\/\/www.iese.edu\/es\/noticias\/fast-fashion-modelo-que-rompe-moldes\/#primaryimage"},"thumbnailUrl":"https:\/\/www.iese.edu\/es\/wp-content\/uploads\/sites\/2\/2020\/03\/fast-fashion-model.jpg","datePublished":"2014-06-30T09:05:18+00:00","dateModified":"2020-03-06T16:14:46+00:00","description":"V\u00edctor Mart\u00ednez investiga el \u00e9xito de las cadenas de moda","breadcrumb":{"@id":"https:\/\/www.iese.edu\/es\/noticias\/fast-fashion-modelo-que-rompe-moldes\/#breadcrumb"},"inLanguage":"es","potentialAction":[{"@type":"ReadAction","target":["https:\/\/www.iese.edu\/es\/noticias\/fast-fashion-modelo-que-rompe-moldes\/"]}]},{"@type":"ImageObject","inLanguage":"es","@id":"https:\/\/www.iese.edu\/es\/noticias\/fast-fashion-modelo-que-rompe-moldes\/#primaryimage","url":"https:\/\/www.iese.edu\/es\/wp-content\/uploads\/sites\/2\/2020\/03\/fast-fashion-model.jpg","contentUrl":"https:\/\/www.iese.edu\/es\/wp-content\/uploads\/sites\/2\/2020\/03\/fast-fashion-model.jpg","width":572,"height":350,"caption":"Fast Fashion: un modelo que rompe moldes | IESE Business School"},{"@type":"BreadcrumbList","@id":"https:\/\/www.iese.edu\/es\/noticias\/fast-fashion-modelo-que-rompe-moldes\/#breadcrumb","itemListElement":[{"@type":"ListItem","position":1,"name":"Home","item":"https:\/\/www.iese.edu\/es\/"},{"@type":"ListItem","position":2,"name":"Fast Fashion: un modelo que rompe moldes"}]},{"@type":"WebSite","@id":"https:\/\/www.iese.edu\/es\/#website","url":"https:\/\/www.iese.edu\/es\/","name":"IESE","description":"","publisher":{"@id":"https:\/\/www.iese.edu\/es\/#organization"},"potentialAction":[{"@type":"SearchAction","target":{"@type":"EntryPoint","urlTemplate":"https:\/\/www.iese.edu\/es\/?s={search_term_string}"},"query-input":{"@type":"PropertyValueSpecification","valueRequired":true,"valueName":"search_term_string"}}],"inLanguage":"es"},{"@type":"Organization","@id":"https:\/\/www.iese.edu\/es\/#organization","name":"IESE Business School","url":"https:\/\/www.iese.edu\/es\/","logo":{"@type":"ImageObject","inLanguage":"es","@id":"https:\/\/www.iese.edu\/es\/#\/schema\/logo\/image\/","url":"https:\/\/www.iese.edu\/es\/wp-content\/uploads\/sites\/2\/2020\/12\/Logo-IESE.png","contentUrl":"https:\/\/www.iese.edu\/es\/wp-content\/uploads\/sites\/2\/2020\/12\/Logo-IESE.png","width":290,"height":290,"caption":"IESE Business School"},"image":{"@id":"https:\/\/www.iese.edu\/es\/#\/schema\/logo\/image\/"}},{"@type":"Person","@id":"https:\/\/www.iese.edu\/es\/#\/schema\/person\/d8cef1819ef5bf17b1311bd0bf242806","name":"cbach","image":{"@type":"ImageObject","inLanguage":"es","@id":"https:\/\/www.iese.edu\/es\/#\/schema\/person\/image\/","url":"https:\/\/secure.gravatar.com\/avatar\/c71defb83d87476af8f134a101a18672934abfe20b46442355f94f515c3a4a7b?s=96&d=mm&r=g","contentUrl":"https:\/\/secure.gravatar.com\/avatar\/c71defb83d87476af8f134a101a18672934abfe20b46442355f94f515c3a4a7b?s=96&d=mm&r=g","caption":"cbach"}}]}},"_links":{"self":[{"href":"https:\/\/www.iese.edu\/es\/wp-json\/wp\/v2\/posts\/5367","targetHints":{"allow":["GET"]}}],"collection":[{"href":"https:\/\/www.iese.edu\/es\/wp-json\/wp\/v2\/posts"}],"about":[{"href":"https:\/\/www.iese.edu\/es\/wp-json\/wp\/v2\/types\/post"}],"author":[{"embeddable":true,"href":"https:\/\/www.iese.edu\/es\/wp-json\/wp\/v2\/users\/27"}],"replies":[{"embeddable":true,"href":"https:\/\/www.iese.edu\/es\/wp-json\/wp\/v2\/comments?post=5367"}],"version-history":[{"count":4,"href":"https:\/\/www.iese.edu\/es\/wp-json\/wp\/v2\/posts\/5367\/revisions"}],"predecessor-version":[{"id":5480,"href":"https:\/\/www.iese.edu\/es\/wp-json\/wp\/v2\/posts\/5367\/revisions\/5480"}],"wp:featuredmedia":[{"embeddable":true,"href":"https:\/\/www.iese.edu\/es\/wp-json\/wp\/v2\/media\/5368"}],"wp:attachment":[{"href":"https:\/\/www.iese.edu\/es\/wp-json\/wp\/v2\/media?parent=5367"}],"wp:term":[{"taxonomy":"category","embeddable":true,"href":"https:\/\/www.iese.edu\/es\/wp-json\/wp\/v2\/categories?post=5367"},{"taxonomy":"post_tag","embeddable":true,"href":"https:\/\/www.iese.edu\/es\/wp-json\/wp\/v2\/tags?post=5367"}],"curies":[{"name":"wp","href":"https:\/\/api.w.org\/{rel}","templated":true}]}}