{"id":93,"date":"2017-09-22T00:00:00","date_gmt":"2017-09-22T00:00:00","guid":{"rendered":"http:\/\/www.iese.edu\/es\/mas-y-mejores-competencias-directivas-para-impulsar-tu-liderazgo\/"},"modified":"2023-06-09T12:49:08","modified_gmt":"2023-06-09T12:49:08","slug":"mas-y-mejores-competencias-directivas-para-impulsar-tu-liderazgo","status":"publish","type":"post","link":"https:\/\/www.iese.edu\/es\/noticias\/mas-y-mejores-competencias-directivas-para-impulsar-tu-liderazgo\/","title":{"rendered":"M\u00e1s y mejores competencias directivas para impulsar tu liderazgo"},"content":{"rendered":"","protected":false},"excerpt":{"rendered":"","protected":false},"author":1,"featured_media":225,"comment_status":"closed","ping_status":"closed","sticky":false,"template":"","format":"standard","meta":{"_acf_changed":false,"footnotes":""},"categories":[2],"tags":[120,121,122,123,124,118,119],"class_list":["post-93","post","type-post","status-publish","format-standard","has-post-thumbnail","hentry","category-noticias","tag-beyond-high-performance-creative-negotiation-strategies","tag-chequeo-a-la-salud-de-la-empresa-familiar","tag-gestion-de-crisis-de-reputacion","tag-gestion-de-endowments-y-fondos-institucionales","tag-how-to-build-adaptive-organizations-in-an-age-of-uncertainty","tag-programas-enfocados","tag-retail-para-retailers-claves-de-exito-en-un-negocio-omnicanal"],"acf":[],"yoast_head":"<!-- This site is optimized with the Yoast SEO Premium plugin v21.7 (Yoast SEO v26.7) - https:\/\/yoast.com\/wordpress\/plugins\/seo\/ -->\n<title>M\u00e1s y mejores competencias directivas para impulsar tu liderazgo | IESE<\/title>\n<meta name=\"description\" content=\"Seis nuevos programas enfocados\" \/>\n<meta name=\"robots\" content=\"index, follow, max-snippet:-1, max-image-preview:large, max-video-preview:-1\" \/>\n<link rel=\"canonical\" href=\"https:\/\/www.iese.edu\/es\/noticias\/mas-y-mejores-competencias-directivas-para-impulsar-tu-liderazgo\/\" \/>\n<meta property=\"og:locale\" content=\"es_ES\" \/>\n<meta property=\"og:type\" content=\"article\" \/>\n<meta property=\"og:title\" content=\"M\u00e1s y mejores competencias directivas para impulsar tu liderazgo\" \/>\n<meta property=\"og:description\" content=\"Seis nuevos programas enfocados\" \/>\n<meta property=\"og:url\" content=\"https:\/\/www.iese.edu\/es\/noticias\/mas-y-mejores-competencias-directivas-para-impulsar-tu-liderazgo\/\" \/>\n<meta property=\"og:site_name\" content=\"IESE\" \/>\n<meta property=\"article:published_time\" content=\"2017-09-22T00:00:00+00:00\" \/>\n<meta property=\"article:modified_time\" content=\"2023-06-09T12:49:08+00:00\" \/>\n<meta property=\"og:image\" content=\"https:\/\/www.iese.edu\/es\/wp-content\/uploads\/sites\/2\/2017\/09\/News_Portada_FocusedProgramsPortfolio2017_2018_20170918151201.jpg\" \/>\n\t<meta property=\"og:image:width\" content=\"900\" \/>\n\t<meta property=\"og:image:height\" content=\"550\" \/>\n\t<meta property=\"og:image:type\" content=\"image\/jpeg\" \/>\n<meta name=\"author\" content=\"1es3Edu4dm\" \/>\n<meta name=\"twitter:card\" content=\"summary_large_image\" \/>\n<meta name=\"twitter:label1\" content=\"Escrito por\" \/>\n\t<meta name=\"twitter:data1\" content=\"1es3Edu4dm\" \/>\n<script type=\"application\/ld+json\" class=\"yoast-schema-graph\">{\"@context\":\"https:\/\/schema.org\",\"@graph\":[{\"@type\":\"Article\",\"@id\":\"https:\/\/www.iese.edu\/es\/noticias\/mas-y-mejores-competencias-directivas-para-impulsar-tu-liderazgo\/#article\",\"isPartOf\":{\"@id\":\"https:\/\/www.iese.edu\/es\/noticias\/mas-y-mejores-competencias-directivas-para-impulsar-tu-liderazgo\/\"},\"author\":{\"name\":\"1es3Edu4dm\",\"@id\":\"https:\/\/www.iese.edu\/es\/#\/schema\/person\/ce9ea6c2c6e830cb4a54227fc50bd128\"},\"headline\":\"M\u00e1s y mejores competencias directivas para impulsar tu liderazgo\",\"datePublished\":\"2017-09-22T00:00:00+00:00\",\"dateModified\":\"2023-06-09T12:49:08+00:00\",\"mainEntityOfPage\":{\"@id\":\"https:\/\/www.iese.edu\/es\/noticias\/mas-y-mejores-competencias-directivas-para-impulsar-tu-liderazgo\/\"},\"wordCount\":10,\"publisher\":{\"@id\":\"https:\/\/www.iese.edu\/es\/#organization\"},\"image\":{\"@id\":\"https:\/\/www.iese.edu\/es\/noticias\/mas-y-mejores-competencias-directivas-para-impulsar-tu-liderazgo\/#primaryimage\"},\"thumbnailUrl\":\"https:\/\/www.iese.edu\/es\/wp-content\/uploads\/sites\/2\/2017\/09\/News_Portada_FocusedProgramsPortfolio2017_2018_20170918151201.jpg\",\"keywords\":[\"Beyond High-Performance &amp; Creative Negotiation Strategies\",\"Chequeo a la salud de la empresa familiar\",\"Gesti\u00f3n de crisis de reputaci\u00f3n\",\"Gesti\u00f3n de\u00a0endowments\u00a0y fondos institucionales\",\"How to Build Adaptive Organizations in an Age of Uncertainty\",\"Programas enfocados\",\"Retail\u00a0para\u00a0retailers: claves de \u00e9xito en un negocio omnicanal\"],\"articleSection\":[\"Noticias\"],\"inLanguage\":\"es\"},{\"@type\":\"WebPage\",\"@id\":\"https:\/\/www.iese.edu\/es\/noticias\/mas-y-mejores-competencias-directivas-para-impulsar-tu-liderazgo\/\",\"url\":\"https:\/\/www.iese.edu\/es\/noticias\/mas-y-mejores-competencias-directivas-para-impulsar-tu-liderazgo\/\",\"name\":\"M\u00e1s y mejores competencias directivas para impulsar tu liderazgo | IESE\",\"isPartOf\":{\"@id\":\"https:\/\/www.iese.edu\/es\/#website\"},\"primaryImageOfPage\":{\"@id\":\"https:\/\/www.iese.edu\/es\/noticias\/mas-y-mejores-competencias-directivas-para-impulsar-tu-liderazgo\/#primaryimage\"},\"image\":{\"@id\":\"https:\/\/www.iese.edu\/es\/noticias\/mas-y-mejores-competencias-directivas-para-impulsar-tu-liderazgo\/#primaryimage\"},\"thumbnailUrl\":\"https:\/\/www.iese.edu\/es\/wp-content\/uploads\/sites\/2\/2017\/09\/News_Portada_FocusedProgramsPortfolio2017_2018_20170918151201.jpg\",\"datePublished\":\"2017-09-22T00:00:00+00:00\",\"dateModified\":\"2023-06-09T12:49:08+00:00\",\"description\":\"Seis nuevos programas enfocados\",\"breadcrumb\":{\"@id\":\"https:\/\/www.iese.edu\/es\/noticias\/mas-y-mejores-competencias-directivas-para-impulsar-tu-liderazgo\/#breadcrumb\"},\"inLanguage\":\"es\",\"potentialAction\":[{\"@type\":\"ReadAction\",\"target\":[\"https:\/\/www.iese.edu\/es\/noticias\/mas-y-mejores-competencias-directivas-para-impulsar-tu-liderazgo\/\"]}]},{\"@type\":\"ImageObject\",\"inLanguage\":\"es\",\"@id\":\"https:\/\/www.iese.edu\/es\/noticias\/mas-y-mejores-competencias-directivas-para-impulsar-tu-liderazgo\/#primaryimage\",\"url\":\"https:\/\/www.iese.edu\/es\/wp-content\/uploads\/sites\/2\/2017\/09\/News_Portada_FocusedProgramsPortfolio2017_2018_20170918151201.jpg\",\"contentUrl\":\"https:\/\/www.iese.edu\/es\/wp-content\/uploads\/sites\/2\/2017\/09\/News_Portada_FocusedProgramsPortfolio2017_2018_20170918151201.jpg\",\"width\":900,\"height\":550},{\"@type\":\"BreadcrumbList\",\"@id\":\"https:\/\/www.iese.edu\/es\/noticias\/mas-y-mejores-competencias-directivas-para-impulsar-tu-liderazgo\/#breadcrumb\",\"itemListElement\":[{\"@type\":\"ListItem\",\"position\":1,\"name\":\"Home\",\"item\":\"https:\/\/www.iese.edu\/es\/\"},{\"@type\":\"ListItem\",\"position\":2,\"name\":\"M\u00e1s y mejores competencias directivas para impulsar tu liderazgo\"}]},{\"@type\":\"WebSite\",\"@id\":\"https:\/\/www.iese.edu\/es\/#website\",\"url\":\"https:\/\/www.iese.edu\/es\/\",\"name\":\"IESE\",\"description\":\"\",\"publisher\":{\"@id\":\"https:\/\/www.iese.edu\/es\/#organization\"},\"potentialAction\":[{\"@type\":\"SearchAction\",\"target\":{\"@type\":\"EntryPoint\",\"urlTemplate\":\"https:\/\/www.iese.edu\/es\/?s={search_term_string}\"},\"query-input\":{\"@type\":\"PropertyValueSpecification\",\"valueRequired\":true,\"valueName\":\"search_term_string\"}}],\"inLanguage\":\"es\"},{\"@type\":\"Organization\",\"@id\":\"https:\/\/www.iese.edu\/es\/#organization\",\"name\":\"IESE Business School\",\"url\":\"https:\/\/www.iese.edu\/es\/\",\"logo\":{\"@type\":\"ImageObject\",\"inLanguage\":\"es\",\"@id\":\"https:\/\/www.iese.edu\/es\/#\/schema\/logo\/image\/\",\"url\":\"https:\/\/www.iese.edu\/es\/wp-content\/uploads\/sites\/2\/2020\/12\/Logo-IESE.png\",\"contentUrl\":\"https:\/\/www.iese.edu\/es\/wp-content\/uploads\/sites\/2\/2020\/12\/Logo-IESE.png\",\"width\":290,\"height\":290,\"caption\":\"IESE Business School\"},\"image\":{\"@id\":\"https:\/\/www.iese.edu\/es\/#\/schema\/logo\/image\/\"}},{\"@type\":\"Person\",\"@id\":\"https:\/\/www.iese.edu\/es\/#\/schema\/person\/ce9ea6c2c6e830cb4a54227fc50bd128\",\"name\":\"1es3Edu4dm\",\"image\":{\"@type\":\"ImageObject\",\"inLanguage\":\"es\",\"@id\":\"https:\/\/www.iese.edu\/es\/#\/schema\/person\/image\/\",\"url\":\"https:\/\/secure.gravatar.com\/avatar\/361aacf621d488c9e3bee750c5665077c4cf539f0c4f8e6d206bb927aa36eead?s=96&d=mm&r=g\",\"contentUrl\":\"https:\/\/secure.gravatar.com\/avatar\/361aacf621d488c9e3bee750c5665077c4cf539f0c4f8e6d206bb927aa36eead?s=96&d=mm&r=g\",\"caption\":\"1es3Edu4dm\"}}]}<\/script>\n<!-- \/ Yoast SEO Premium plugin. -->","yoast_head_json":{"title":"M\u00e1s y mejores competencias directivas para impulsar tu liderazgo | IESE","description":"Seis nuevos programas enfocados","robots":{"index":"index","follow":"follow","max-snippet":"max-snippet:-1","max-image-preview":"max-image-preview:large","max-video-preview":"max-video-preview:-1"},"canonical":"https:\/\/www.iese.edu\/es\/noticias\/mas-y-mejores-competencias-directivas-para-impulsar-tu-liderazgo\/","og_locale":"es_ES","og_type":"article","og_title":"M\u00e1s y mejores competencias directivas para impulsar tu liderazgo","og_description":"Seis nuevos programas enfocados","og_url":"https:\/\/www.iese.edu\/es\/noticias\/mas-y-mejores-competencias-directivas-para-impulsar-tu-liderazgo\/","og_site_name":"IESE","article_published_time":"2017-09-22T00:00:00+00:00","article_modified_time":"2023-06-09T12:49:08+00:00","og_image":[{"width":900,"height":550,"url":"https:\/\/www.iese.edu\/es\/wp-content\/uploads\/sites\/2\/2017\/09\/News_Portada_FocusedProgramsPortfolio2017_2018_20170918151201.jpg","type":"image\/jpeg"}],"author":"1es3Edu4dm","twitter_card":"summary_large_image","twitter_misc":{"Escrito por":"1es3Edu4dm"},"schema":{"@context":"https:\/\/schema.org","@graph":[{"@type":"Article","@id":"https:\/\/www.iese.edu\/es\/noticias\/mas-y-mejores-competencias-directivas-para-impulsar-tu-liderazgo\/#article","isPartOf":{"@id":"https:\/\/www.iese.edu\/es\/noticias\/mas-y-mejores-competencias-directivas-para-impulsar-tu-liderazgo\/"},"author":{"name":"1es3Edu4dm","@id":"https:\/\/www.iese.edu\/es\/#\/schema\/person\/ce9ea6c2c6e830cb4a54227fc50bd128"},"headline":"M\u00e1s y mejores competencias directivas para impulsar tu liderazgo","datePublished":"2017-09-22T00:00:00+00:00","dateModified":"2023-06-09T12:49:08+00:00","mainEntityOfPage":{"@id":"https:\/\/www.iese.edu\/es\/noticias\/mas-y-mejores-competencias-directivas-para-impulsar-tu-liderazgo\/"},"wordCount":10,"publisher":{"@id":"https:\/\/www.iese.edu\/es\/#organization"},"image":{"@id":"https:\/\/www.iese.edu\/es\/noticias\/mas-y-mejores-competencias-directivas-para-impulsar-tu-liderazgo\/#primaryimage"},"thumbnailUrl":"https:\/\/www.iese.edu\/es\/wp-content\/uploads\/sites\/2\/2017\/09\/News_Portada_FocusedProgramsPortfolio2017_2018_20170918151201.jpg","keywords":["Beyond High-Performance &amp; Creative Negotiation Strategies","Chequeo a la salud de la empresa familiar","Gesti\u00f3n de crisis de reputaci\u00f3n","Gesti\u00f3n de\u00a0endowments\u00a0y fondos institucionales","How to Build Adaptive Organizations in an Age of Uncertainty","Programas enfocados","Retail\u00a0para\u00a0retailers: claves de \u00e9xito en un negocio omnicanal"],"articleSection":["Noticias"],"inLanguage":"es"},{"@type":"WebPage","@id":"https:\/\/www.iese.edu\/es\/noticias\/mas-y-mejores-competencias-directivas-para-impulsar-tu-liderazgo\/","url":"https:\/\/www.iese.edu\/es\/noticias\/mas-y-mejores-competencias-directivas-para-impulsar-tu-liderazgo\/","name":"M\u00e1s y mejores competencias directivas para impulsar tu liderazgo | IESE","isPartOf":{"@id":"https:\/\/www.iese.edu\/es\/#website"},"primaryImageOfPage":{"@id":"https:\/\/www.iese.edu\/es\/noticias\/mas-y-mejores-competencias-directivas-para-impulsar-tu-liderazgo\/#primaryimage"},"image":{"@id":"https:\/\/www.iese.edu\/es\/noticias\/mas-y-mejores-competencias-directivas-para-impulsar-tu-liderazgo\/#primaryimage"},"thumbnailUrl":"https:\/\/www.iese.edu\/es\/wp-content\/uploads\/sites\/2\/2017\/09\/News_Portada_FocusedProgramsPortfolio2017_2018_20170918151201.jpg","datePublished":"2017-09-22T00:00:00+00:00","dateModified":"2023-06-09T12:49:08+00:00","description":"Seis nuevos programas enfocados","breadcrumb":{"@id":"https:\/\/www.iese.edu\/es\/noticias\/mas-y-mejores-competencias-directivas-para-impulsar-tu-liderazgo\/#breadcrumb"},"inLanguage":"es","potentialAction":[{"@type":"ReadAction","target":["https:\/\/www.iese.edu\/es\/noticias\/mas-y-mejores-competencias-directivas-para-impulsar-tu-liderazgo\/"]}]},{"@type":"ImageObject","inLanguage":"es","@id":"https:\/\/www.iese.edu\/es\/noticias\/mas-y-mejores-competencias-directivas-para-impulsar-tu-liderazgo\/#primaryimage","url":"https:\/\/www.iese.edu\/es\/wp-content\/uploads\/sites\/2\/2017\/09\/News_Portada_FocusedProgramsPortfolio2017_2018_20170918151201.jpg","contentUrl":"https:\/\/www.iese.edu\/es\/wp-content\/uploads\/sites\/2\/2017\/09\/News_Portada_FocusedProgramsPortfolio2017_2018_20170918151201.jpg","width":900,"height":550},{"@type":"BreadcrumbList","@id":"https:\/\/www.iese.edu\/es\/noticias\/mas-y-mejores-competencias-directivas-para-impulsar-tu-liderazgo\/#breadcrumb","itemListElement":[{"@type":"ListItem","position":1,"name":"Home","item":"https:\/\/www.iese.edu\/es\/"},{"@type":"ListItem","position":2,"name":"M\u00e1s y mejores competencias directivas para impulsar tu liderazgo"}]},{"@type":"WebSite","@id":"https:\/\/www.iese.edu\/es\/#website","url":"https:\/\/www.iese.edu\/es\/","name":"IESE","description":"","publisher":{"@id":"https:\/\/www.iese.edu\/es\/#organization"},"potentialAction":[{"@type":"SearchAction","target":{"@type":"EntryPoint","urlTemplate":"https:\/\/www.iese.edu\/es\/?s={search_term_string}"},"query-input":{"@type":"PropertyValueSpecification","valueRequired":true,"valueName":"search_term_string"}}],"inLanguage":"es"},{"@type":"Organization","@id":"https:\/\/www.iese.edu\/es\/#organization","name":"IESE Business School","url":"https:\/\/www.iese.edu\/es\/","logo":{"@type":"ImageObject","inLanguage":"es","@id":"https:\/\/www.iese.edu\/es\/#\/schema\/logo\/image\/","url":"https:\/\/www.iese.edu\/es\/wp-content\/uploads\/sites\/2\/2020\/12\/Logo-IESE.png","contentUrl":"https:\/\/www.iese.edu\/es\/wp-content\/uploads\/sites\/2\/2020\/12\/Logo-IESE.png","width":290,"height":290,"caption":"IESE Business School"},"image":{"@id":"https:\/\/www.iese.edu\/es\/#\/schema\/logo\/image\/"}},{"@type":"Person","@id":"https:\/\/www.iese.edu\/es\/#\/schema\/person\/ce9ea6c2c6e830cb4a54227fc50bd128","name":"1es3Edu4dm","image":{"@type":"ImageObject","inLanguage":"es","@id":"https:\/\/www.iese.edu\/es\/#\/schema\/person\/image\/","url":"https:\/\/secure.gravatar.com\/avatar\/361aacf621d488c9e3bee750c5665077c4cf539f0c4f8e6d206bb927aa36eead?s=96&d=mm&r=g","contentUrl":"https:\/\/secure.gravatar.com\/avatar\/361aacf621d488c9e3bee750c5665077c4cf539f0c4f8e6d206bb927aa36eead?s=96&d=mm&r=g","caption":"1es3Edu4dm"}}]}},"_links":{"self":[{"href":"https:\/\/www.iese.edu\/es\/wp-json\/wp\/v2\/posts\/93","targetHints":{"allow":["GET"]}}],"collection":[{"href":"https:\/\/www.iese.edu\/es\/wp-json\/wp\/v2\/posts"}],"about":[{"href":"https:\/\/www.iese.edu\/es\/wp-json\/wp\/v2\/types\/post"}],"author":[{"embeddable":true,"href":"https:\/\/www.iese.edu\/es\/wp-json\/wp\/v2\/users\/1"}],"replies":[{"embeddable":true,"href":"https:\/\/www.iese.edu\/es\/wp-json\/wp\/v2\/comments?post=93"}],"version-history":[{"count":2,"href":"https:\/\/www.iese.edu\/es\/wp-json\/wp\/v2\/posts\/93\/revisions"}],"predecessor-version":[{"id":14584,"href":"https:\/\/www.iese.edu\/es\/wp-json\/wp\/v2\/posts\/93\/revisions\/14584"}],"wp:featuredmedia":[{"embeddable":true,"href":"https:\/\/www.iese.edu\/es\/wp-json\/wp\/v2\/media\/225"}],"wp:attachment":[{"href":"https:\/\/www.iese.edu\/es\/wp-json\/wp\/v2\/media?parent=93"}],"wp:term":[{"taxonomy":"category","embeddable":true,"href":"https:\/\/www.iese.edu\/es\/wp-json\/wp\/v2\/categories?post=93"},{"taxonomy":"post_tag","embeddable":true,"href":"https:\/\/www.iese.edu\/es\/wp-json\/wp\/v2\/tags?post=93"}],"curies":[{"name":"wp","href":"https:\/\/api.w.org\/{rel}","templated":true}]}}