{"id":2215,"date":"2020-11-30T15:25:36","date_gmt":"2020-11-30T15:25:36","guid":{"rendered":"https:\/\/www.iese.edu\/standout\/executive-education-pandemic\/"},"modified":"2024-03-04T10:08:30","modified_gmt":"2024-03-04T10:08:30","slug":"formacion-directivos-pandemia","status":"publish","type":"post","link":"https:\/\/www.iese.edu\/standout\/es\/formacion-directivos-pandemia\/","title":{"rendered":"Formaci\u00f3n para directivos en la era poscovid"},"content":{"rendered":"<div class=\"wpb-content-wrapper\"><p>[vc_row][vc_column][vc_column_text css_animation=\u00bbbottom-to-top\u00bb]\u00bfTienes mucha experiencia, pero llevas tiempo pensando que <strong>necesitas reciclarte<\/strong>? No retrases tus planes. Los <strong>programas ejecutivos <\/strong>son siempre una gran oportunidad de actualizaci\u00f3n y de <em>reseteo<\/em> profesional a muchos niveles, pero incluso en el contexto actual pueden ser cruciales para evitar que tu empresa vaya a la deriva.[\/vc_column_text]<div class=\"clearboth\"><\/div><style>#thegem-divider-69f46d9f66f0b {margin-top: 35px !important;}<\/style><div id=\"thegem-divider-69f46d9f66f0b\" class=\"gem-divider  \" style=\"\" ><\/div>[vc_column_text css_animation=\u00bbbottom-to-top\u00bb]<\/p>\n<h2><strong>\u00bfPor qu\u00e9 es necesario seguir form\u00e1ndote como directivo?<\/strong><\/h2>\n<p>Te contamos a continuaci\u00f3n, <strong>por qu\u00e9 es necesario que sigas form\u00e1ndote como directivo<\/strong>, e incluso, qu\u00e9 <strong>ventajas<\/strong> tiene hacerlo en estos momentos.<\/p>\n<h3><strong>Necesitas reciclaje en un entorno acelerado<\/strong><\/h3>\n<p>La COVID-19 ha puesto de manifiesto y acelerado la necesidad de <strong>recapacitar y adaptarse de las empresas<\/strong> hacia retos tan estructurales e imperantes como la <strong>disrupci\u00f3n digital, la automatizaci\u00f3n o el big data<\/strong>. En el \u00e1mbito de la direcci\u00f3n de personas, materias como el <strong>teletrabajo, la gesti\u00f3n de equipos virtuales y las pol\u00edticas de conciliaci\u00f3n y de retenci\u00f3n del talento<\/strong> han pasado a un primer plano y exigen de los directivos, dar la mejor respuesta. Todos son \u00e1mbitos con una <strong>gran demanda <\/strong>sobrevenida<strong> de formaci\u00f3n<\/strong>, que, por la crisis, deben ser abordados desde nuevos enfoques para atender a esta nueva realidad de la empresa.<\/p>\n<p>Los <a style=\"text-decoration: none;\" href=\"https:\/\/executiveeducation.iese.edu\/es\/\"><strong>programas directivos del IESE <\/strong><\/a> han evolucionado para atender a estas nuevas necesidades y conocimientos, pero tambi\u00e9n, para formar en un liderazgo m\u00e1s \u00e9tico y comprometido, que tome en cuenta aspectos como la responsabilidad social corporativa o la inclusi\u00f3n.[\/vc_column_text]<div class=\"clearboth\"><\/div><style>#thegem-divider-69f46d9f66f4f {margin-top: 35px !important;}<\/style><div id=\"thegem-divider-69f46d9f66f4f\" class=\"gem-divider  \" style=\"\" ><\/div>[vc_column_text css_animation=\u00bbbottom-to-top\u00bb]<\/p>\n<h3><strong>Desarrolla la flexibilidad y la mentalidad disruptiva<\/strong><\/h3>\n<p>El directivo de hoy necesita desarrollar un perfil m\u00e1s adaptable y colaborativo, que le permita ser r\u00e1pido antes los cambios y las innovaciones. <strong><a style=\"text-decoration: none;\" href=\"https:\/\/executiveeducation.iese.edu\/es\/consejeros-directivos-seniors\/pdg\/\">Participar en un programa dise\u00f1ado para ejecutivos<\/a><\/strong> te ayudar\u00e1 identificar nuevos puntos de vista que cultivar\u00e1n tu flexibilidad mental.<\/p>\n<p>A veces, nuestro discurrir dentro de una misma empresa y un mismo equipo nos impide ver opciones distintas y m\u00e1s disruptivas. Probablemente, muchos de los problemas que gestionas son recurrentes en otras organizaciones, pero los directivos las abordan desde otras perspectivas. Discutir situaciones reales de negocio con personas experimentadas en otros sectores y puestos de direcci\u00f3n cultiva tu <strong>creatividad y tu capacidad de ser disruptivo<\/strong>, lo que, en definitiva, revertir\u00e1 en un valor a\u00f1adido para tu organizaci\u00f3n.<\/p>\n<p>Otro beneficio del proceso de aprendizaje en un momento bajo del mercado es la <strong>inyecci\u00f3n de motivaci\u00f3n<\/strong> que supone en ti. Quiz\u00e1s sientas que est\u00e1s estancado o que las perspectivas de desarrollo dentro de tu empresa son poco halag\u00fce\u00f1as. La sensaci\u00f3n de avance que brinda un programa ejecutivo desde el primer d\u00eda es un incentivo que potenciar\u00e1 tu optimismo y pensamiento positivo.<\/p>\n<p>Gracias <a style=\"text-decoration: none;\" href=\"https:\/\/www.iese.edu\/es\/limitless-learning\/\"><strong>a las metodolog\u00edas h\u00edbridas puedes formarte como directivo<\/strong><\/a> sea cu\u00e1l sea el contexto.[\/vc_column_text]<div class=\"clearboth\"><\/div><style>#thegem-divider-69f46d9f66f79 {margin-top: 35px !important;}<\/style><div id=\"thegem-divider-69f46d9f66f79\" class=\"gem-divider  \" style=\"\" ><\/div>[\/vc_column][\/vc_row][vc_row full_width=\u00bbstretch_row_content_no_spaces\u00bb equal_height=\u00bbyes\u00bb content_placement=\u00bbmiddle\u00bb][vc_column width=\u00bb1\/2&#8243; css=\u00bb.vc_custom_1606216313822{padding-right: 70px !important;padding-left: 70px !important;background-color: #000000 !important;}\u00bb][vc_column_text css_animation=\u00bbbottom-to-top\u00bb]<\/p>\n<div class=\"title-h2\"><span style=\"color: #ffffff;\"><strong>La pandemia obliga a tomar decisiones m\u00e1s r\u00e1pido y con alta incertidumbre. Es el momento de adquirir nuevas competencias.<\/strong><\/span><\/div>\n<p>[\/vc_column_text]<div class=\"clearboth\"><\/div><style>#thegem-divider-69f46d9f66f9a {margin-top: 50px !important;}<\/style><div id=\"thegem-divider-69f46d9f66f9a\" class=\"gem-divider  \" style=\"\" ><\/div>[vc_column_text][\/vc_column_text][\/vc_column][vc_column width=\u00bb1\/2&#8243; css=\u00bb.vc_custom_1606749406674{margin-top: 0px !important;margin-bottom: 0px !important;padding-top: 300px !important;padding-bottom: 300px !important;background-image: url(https:\/\/www.iese.edu\/standout\/wp-content\/uploads\/2020\/11\/skill-execuive-education.jpg?id=2067) !important;}\u00bb][\/vc_column][\/vc_row][vc_row][vc_column]<div class=\"clearboth\"><\/div><style>#thegem-divider-69f46d9f66fb6 {margin-top: 35px !important;}<\/style><div id=\"thegem-divider-69f46d9f66fb6\" class=\"gem-divider  \" style=\"\" ><\/div>[vc_column_text css_animation=\u00bbbottom-to-top\u00bb]<\/p>\n<h3><strong>Cultiva las relaciones: un valor de siempre m\u00e1s importante que nunca<\/strong><\/h3>\n<p>\u201cSi quieres un a\u00f1o de prosperidad, cultiva arroz. Si quieres 10 a\u00f1os de prosperidad, cultiva \u00e1rboles. Si quieres 100 a\u00f1os de prosperidad, cultiva personas\u201d, dice un\u00a0proverbio chino. Y es que estar en <strong>contacto con otras personas<\/strong> es una de las principales fuentes de aprendizaje y valor empresarial.<\/p>\n<p>Tu evoluci\u00f3n dentro de una empresa o de un sector hace que te resulte dif\u00edcil abrir nuevas relaciones profesionales. A veces, el hecho de que existan dependencias directas o indirectas, o que est\u00e9s relacion\u00e1ndote con competidores impide que esas relaciones sean realmente fruct\u00edferas para tu red. Participar en un programa de direcci\u00f3n te brinda una oportunidad de ampliar tu c\u00edrculo de relaciones de igual a igual <em>(peer to peer)<\/em>. Es m\u00e1s, el hecho de compartir una experiencia formativa crea un entorno seguro y honesto en el que todos colaboran.<\/p>\n<p>Un ejemplo claro del nivel de confianza que se crea en los programas de perfeccionamiento directivo, es que de ellos han salido numerosos proyectos empresariales y hasta iniciativas de inversi\u00f3n conjunta. Es el caso de N\u00e9stor Amela (PDG\u201916) y Oriol Molt\u00f3 (PDD\u201917) que, a ra\u00edz de su participaci\u00f3n en los programas del IESE, fundaron el grupo PDG Angels y PDDinvest, respectivamente. Estas dos iniciativas no solo son veh\u00edculos para su inversi\u00f3n, sino consolidan las relaciones que estos directivos hicieron en el programa.[\/vc_column_text]<div class=\"clearboth\"><\/div><style>#thegem-divider-69f46d9f66fd0 {margin-top: 35px !important;}<\/style><div id=\"thegem-divider-69f46d9f66fd0\" class=\"gem-divider  \" style=\"\" ><\/div>[vc_column_text css_animation=\u00bbbottom-to-top\u00bb]<\/p>\n<h3><strong>Ventajas de la formaci\u00f3n ejecutiva<\/strong><\/h3>\n<p>Contra lo que podr\u00eda parecer, el contexto poscovid es un gran momento para hacer esa formaci\u00f3n que llevas a\u00f1os postergando. He aqu\u00ed algunas razones de por qu\u00e9.[\/vc_column_text]<div class=\"clearboth\"><\/div><style>#thegem-divider-69f46d9f66fea {margin-top: 35px !important;}<\/style><div id=\"thegem-divider-69f46d9f66fea\" class=\"gem-divider  \" style=\"\" ><\/div>[vc_column_text css_animation=\u00bbbottom-to-top\u00bb]<\/p>\n<h3><strong>Menos viajes, mayor disponibilidad.<\/strong><\/h3>\n<p>Seg\u00fan se desprende del \u00faltimo <em>Pulse<\/em> elaborado por la consultora PeopleMatters, casi siete de cada diez compa\u00f1\u00edas han reducido la movilidad internacional de sus empleados desde el inicio de la pandemia por la dificultad f\u00edsica del desplazamiento y el encarecimiento de los costes laborales asociados. Aprovecha el ahorro de tiempo de viajes para dedic\u00e1rtelo a ti mismo.[\/vc_column_text]<div class=\"clearboth\"><\/div><style>#thegem-divider-69f46d9f67002 {margin-top: 35px !important;}<\/style><div id=\"thegem-divider-69f46d9f67002\" class=\"gem-divider  \" style=\"\" ><\/div>[vc_column_text css_animation=\u00bbbottom-to-top\u00bb]<\/p>\n<h3><strong>Nuevas tecnolog\u00edas y formatos.<\/strong><\/h3>\n<p>Hoy m\u00e1s que nunca, los directivos necesitan soluciones formativas que ofrezcan flexibilidad en tiempo y espacio, y que garanticen la calidad y personalizaci\u00f3n de la formaci\u00f3n, sea cual sea el contexto. En el IESE hemos adaptado nuestros programas: todos ellos son en formatos h\u00edbridos, lo que permite cursarlos sea cu\u00e1l sea la circunstancia. Adem\u00e1s, encontrar\u00e1s en programas semipresenciales como el PMD y el PDD Flexible, que combinan m\u00f3dulos residenciales y formaci\u00f3n online en directo.[\/vc_column_text]<div class=\"clearboth\"><\/div><style>#thegem-divider-69f46d9f67019 {margin-top: 35px !important;}<\/style><div id=\"thegem-divider-69f46d9f67019\" class=\"gem-divider  \" style=\"\" ><\/div>[vc_column_text css_animation=\u00bbbottom-to-top\u00bb]<\/p>\n<h3><strong>M\u00e1s formaci\u00f3n como salario emocional.<\/strong><\/h3>\n<p>La pandemia ha tra\u00eddo una congelaci\u00f3n generalizada de los sueldos. Por ello, muchas empresas optan por la formaci\u00f3n como un elemento de retenci\u00f3n del talento, tambi\u00e9n entre directivos. Cursar un programa de desarrollo directivo puede ser una herramienta de motivaci\u00f3n m\u00e1s poderosa que el sueldo.[\/vc_column_text]<div class=\"clearboth\"><\/div><style>#thegem-divider-69f46d9f67031 {margin-top: 35px !important;}<\/style><div id=\"thegem-divider-69f46d9f67031\" class=\"gem-divider  \" style=\"\" ><\/div>[\/vc_column][\/vc_row][vc_row full_width=\u00bbstretch_row_content_no_spaces\u00bb equal_height=\u00bbyes\u00bb content_placement=\u00bbmiddle\u00bb][vc_column width=\u00bb1\/2&#8243; css=\u00bb.vc_custom_1606216313822{padding-right: 70px !important;padding-left: 70px !important;background-color: #000000 !important;}\u00bb][vc_column_text css_animation=\u00bbbottom-to-top\u00bb]<\/p>\n<div class=\"title-h2\"><span style=\"color: #ffffff;\"><strong>Aprovecha el par\u00f3n de la pandemia para tu crecimiento como <span class=\"subrat\">directivo<\/span><\/strong><\/span><\/div>\n<p>[\/vc_column_text]<div class=\"clearboth\"><\/div><style>#thegem-divider-69f46d9f67047 {margin-top: 50px !important;}<\/style><div id=\"thegem-divider-69f46d9f67047\" class=\"gem-divider  \" style=\"\" ><\/div>[vc_column_text][\/vc_column_text][\/vc_column][vc_column width=\u00bb1\/2&#8243; css=\u00bb.vc_custom_1606216552273{margin-top: 0px !important;margin-bottom: 0px !important;padding-top: 300px !important;padding-bottom: 300px !important;background-image: url(https:\/\/www.iese.edu\/standout\/wp-content\/uploads\/2020\/11\/mba-candidate.jpg?id=1778) !important;}\u00bb][\/vc_column][\/vc_row]<\/p>\n<\/div>","protected":false},"excerpt":{"rendered":"<p>[vc_row][vc_column][vc_column_text css_animation=\u00bbbottom-to-top\u00bb]\u00bfTienes mucha experiencia, pero llevas tiempo pensando que necesitas reciclarte? No retrases tus planes. Los programas ejecutivos son siempre&#8230;<\/p>\n","protected":false},"author":4,"featured_media":2075,"comment_status":"closed","ping_status":"open","sticky":false,"template":"","format":"standard","meta":{"footnotes":""},"categories":[107,108],"tags":[65,52,36],"class_list":{"0":"post-2215","1":"post","2":"type-post","3":"status-publish","4":"format-standard","5":"has-post-thumbnail","7":"category-general","8":"category-general-es","9":"tag-executive-education-es","10":"tag-general-management-es","11":"tag-learning"},"yoast_head":"<!-- This site is optimized with the Yoast SEO plugin v26.7 - https:\/\/yoast.com\/wordpress\/plugins\/seo\/ -->\n<title>Formaci\u00f3n para directivos en la era poscovid<\/title>\n<meta name=\"description\" content=\"La formaci\u00f3n ejecutiva es clave para afrontar los nuevos retos que plantea a las empresas el mundo postcovid: visi\u00f3n estrat\u00e9gica, mayor flexibilidad y toma de decisiones.\" \/>\n<meta name=\"robots\" content=\"index, follow, max-snippet:-1, max-image-preview:large, max-video-preview:-1\" \/>\n<link rel=\"canonical\" href=\"https:\/\/www.iese.edu\/standout\/es\/formacion-directivos-pandemia\/\" \/>\n<meta property=\"og:locale\" content=\"es_ES\" \/>\n<meta property=\"og:type\" content=\"article\" \/>\n<meta property=\"og:title\" content=\"Formaci\u00f3n para directivos en la era poscovid\" \/>\n<meta property=\"og:description\" content=\"La formaci\u00f3n ejecutiva es clave para afrontar los nuevos retos que plantea a las empresas el mundo postcovid: visi\u00f3n estrat\u00e9gica, mayor flexibilidad y toma de decisiones.\" \/>\n<meta property=\"og:url\" content=\"https:\/\/www.iese.edu\/standout\/es\/formacion-directivos-pandemia\/\" \/>\n<meta property=\"og:site_name\" content=\"IESE Standout\" \/>\n<meta property=\"og:image\" content=\"https:\/\/www.iese.edu\/standout\/wp-content\/uploads\/2020\/11\/executive-education-pandemic-1.jpg\" \/>\n\t<meta property=\"og:image:width\" content=\"1000\" \/>\n\t<meta property=\"og:image:height\" content=\"666\" \/>\n\t<meta property=\"og:image:type\" content=\"image\/jpeg\" \/>\n<meta name=\"author\" content=\"IESE Standout\" \/>\n<meta name=\"twitter:card\" content=\"summary_large_image\" \/>\n<meta name=\"twitter:label1\" content=\"Escrito por\" \/>\n\t<meta name=\"twitter:data1\" content=\"IESE Standout\" \/>\n\t<meta name=\"twitter:label2\" content=\"Tiempo de lectura\" \/>\n\t<meta name=\"twitter:data2\" content=\"6 minutos\" \/>\n<script type=\"application\/ld+json\" class=\"yoast-schema-graph\">{\"@context\":\"https:\/\/schema.org\",\"@graph\":[{\"@type\":\"Article\",\"@id\":\"https:\/\/www.iese.edu\/standout\/es\/formacion-directivos-pandemia\/#article\",\"isPartOf\":{\"@id\":\"https:\/\/www.iese.edu\/standout\/es\/formacion-directivos-pandemia\/\"},\"author\":{\"name\":\"IESE Standout\",\"@id\":\"https:\/\/www.iese.edu\/standout\/es\/#\/schema\/person\/fd2c3dde438ee9ebca29aeec067df184\"},\"headline\":\"Formaci\u00f3n para directivos en la era poscovid\",\"mainEntityOfPage\":{\"@id\":\"https:\/\/www.iese.edu\/standout\/es\/formacion-directivos-pandemia\/\"},\"wordCount\":1293,\"publisher\":{\"@id\":\"https:\/\/www.iese.edu\/standout\/es\/#organization\"},\"image\":{\"@id\":\"https:\/\/www.iese.edu\/standout\/es\/formacion-directivos-pandemia\/#primaryimage\"},\"thumbnailUrl\":\"https:\/\/www.iese.edu\/standout\/wp-content\/uploads\/2020\/11\/executive-education-pandemic-1.jpg\",\"keywords\":[\"Executive Education\",\"General Management\",\"Learning\"],\"articleSection\":[\"General\",\"General\"],\"inLanguage\":\"es\"},{\"@type\":\"WebPage\",\"@id\":\"https:\/\/www.iese.edu\/standout\/es\/formacion-directivos-pandemia\/\",\"url\":\"https:\/\/www.iese.edu\/standout\/es\/formacion-directivos-pandemia\/\",\"name\":\"Formaci\u00f3n para directivos en la era poscovid\",\"isPartOf\":{\"@id\":\"https:\/\/www.iese.edu\/standout\/es\/#website\"},\"primaryImageOfPage\":{\"@id\":\"https:\/\/www.iese.edu\/standout\/es\/formacion-directivos-pandemia\/#primaryimage\"},\"image\":{\"@id\":\"https:\/\/www.iese.edu\/standout\/es\/formacion-directivos-pandemia\/#primaryimage\"},\"thumbnailUrl\":\"https:\/\/www.iese.edu\/standout\/wp-content\/uploads\/2020\/11\/executive-education-pandemic-1.jpg\",\"datePublished\":\"2020-11-30T15:25:36+00:00\",\"dateModified\":\"2024-03-04T10:08:30+00:00\",\"description\":\"La formaci\u00f3n ejecutiva es clave para afrontar los nuevos retos que plantea a las empresas el mundo postcovid: visi\u00f3n estrat\u00e9gica, mayor flexibilidad y toma de decisiones.\",\"breadcrumb\":{\"@id\":\"https:\/\/www.iese.edu\/standout\/es\/formacion-directivos-pandemia\/#breadcrumb\"},\"inLanguage\":\"es\",\"potentialAction\":[{\"@type\":\"ReadAction\",\"target\":[\"https:\/\/www.iese.edu\/standout\/es\/formacion-directivos-pandemia\/\"]}]},{\"@type\":\"ImageObject\",\"inLanguage\":\"es\",\"@id\":\"https:\/\/www.iese.edu\/standout\/es\/formacion-directivos-pandemia\/#primaryimage\",\"url\":\"https:\/\/www.iese.edu\/standout\/wp-content\/uploads\/2020\/11\/executive-education-pandemic-1.jpg\",\"contentUrl\":\"https:\/\/www.iese.edu\/standout\/wp-content\/uploads\/2020\/11\/executive-education-pandemic-1.jpg\",\"width\":1000,\"height\":666,\"caption\":\"executive education pandemic\"},{\"@type\":\"BreadcrumbList\",\"@id\":\"https:\/\/www.iese.edu\/standout\/es\/formacion-directivos-pandemia\/#breadcrumb\",\"itemListElement\":[{\"@type\":\"ListItem\",\"position\":1,\"name\":\"Home\",\"item\":\"https:\/\/www.iese.edu\/standout\/es\/\"},{\"@type\":\"ListItem\",\"position\":2,\"name\":\"Formaci\u00f3n para directivos en la era poscovid\"}]},{\"@type\":\"WebSite\",\"@id\":\"https:\/\/www.iese.edu\/standout\/es\/#website\",\"url\":\"https:\/\/www.iese.edu\/standout\/es\/\",\"name\":\"IESE Standout\",\"description\":\"IESE Business School\",\"publisher\":{\"@id\":\"https:\/\/www.iese.edu\/standout\/es\/#organization\"},\"potentialAction\":[{\"@type\":\"SearchAction\",\"target\":{\"@type\":\"EntryPoint\",\"urlTemplate\":\"https:\/\/www.iese.edu\/standout\/es\/?s={search_term_string}\"},\"query-input\":{\"@type\":\"PropertyValueSpecification\",\"valueRequired\":true,\"valueName\":\"search_term_string\"}}],\"inLanguage\":\"es\"},{\"@type\":\"Organization\",\"@id\":\"https:\/\/www.iese.edu\/standout\/es\/#organization\",\"name\":\"IESE Business School\",\"url\":\"https:\/\/www.iese.edu\/standout\/es\/\",\"logo\":{\"@type\":\"ImageObject\",\"inLanguage\":\"es\",\"@id\":\"https:\/\/www.iese.edu\/standout\/es\/#\/schema\/logo\/image\/\",\"url\":\"https:\/\/www.iese.edu\/standout\/wp-content\/uploads\/2020\/11\/Logo-IESE-Business-School.png\",\"contentUrl\":\"https:\/\/www.iese.edu\/standout\/wp-content\/uploads\/2020\/11\/Logo-IESE-Business-School.png\",\"width\":290,\"height\":290,\"caption\":\"IESE Business School\"},\"image\":{\"@id\":\"https:\/\/www.iese.edu\/standout\/es\/#\/schema\/logo\/image\/\"}},{\"@type\":\"Person\",\"@id\":\"https:\/\/www.iese.edu\/standout\/es\/#\/schema\/person\/fd2c3dde438ee9ebca29aeec067df184\",\"name\":\"IESE Standout\",\"image\":{\"@type\":\"ImageObject\",\"inLanguage\":\"es\",\"@id\":\"https:\/\/www.iese.edu\/standout\/es\/#\/schema\/person\/image\/\",\"url\":\"https:\/\/secure.gravatar.com\/avatar\/361aacf621d488c9e3bee750c5665077c4cf539f0c4f8e6d206bb927aa36eead?s=96&d=mm&r=g\",\"contentUrl\":\"https:\/\/secure.gravatar.com\/avatar\/361aacf621d488c9e3bee750c5665077c4cf539f0c4f8e6d206bb927aa36eead?s=96&d=mm&r=g\",\"caption\":\"IESE Standout\"},\"url\":\"https:\/\/www.iese.edu\/standout\/es\/author\/standout\/\"}]}<\/script>\n<!-- \/ Yoast SEO plugin. -->","yoast_head_json":{"title":"Formaci\u00f3n para directivos en la era poscovid","description":"La formaci\u00f3n ejecutiva es clave para afrontar los nuevos retos que plantea a las empresas el mundo postcovid: visi\u00f3n estrat\u00e9gica, mayor flexibilidad y toma de decisiones.","robots":{"index":"index","follow":"follow","max-snippet":"max-snippet:-1","max-image-preview":"max-image-preview:large","max-video-preview":"max-video-preview:-1"},"canonical":"https:\/\/www.iese.edu\/standout\/es\/formacion-directivos-pandemia\/","og_locale":"es_ES","og_type":"article","og_title":"Formaci\u00f3n para directivos en la era poscovid","og_description":"La formaci\u00f3n ejecutiva es clave para afrontar los nuevos retos que plantea a las empresas el mundo postcovid: visi\u00f3n estrat\u00e9gica, mayor flexibilidad y toma de decisiones.","og_url":"https:\/\/www.iese.edu\/standout\/es\/formacion-directivos-pandemia\/","og_site_name":"IESE Standout","og_image":[{"width":1000,"height":666,"url":"https:\/\/www.iese.edu\/standout\/wp-content\/uploads\/2020\/11\/executive-education-pandemic-1.jpg","type":"image\/jpeg"}],"author":"IESE Standout","twitter_card":"summary_large_image","twitter_misc":{"Escrito por":"IESE Standout","Tiempo de lectura":"6 minutos"},"schema":{"@context":"https:\/\/schema.org","@graph":[{"@type":"Article","@id":"https:\/\/www.iese.edu\/standout\/es\/formacion-directivos-pandemia\/#article","isPartOf":{"@id":"https:\/\/www.iese.edu\/standout\/es\/formacion-directivos-pandemia\/"},"author":{"name":"IESE Standout","@id":"https:\/\/www.iese.edu\/standout\/es\/#\/schema\/person\/fd2c3dde438ee9ebca29aeec067df184"},"headline":"Formaci\u00f3n para directivos en la era poscovid","mainEntityOfPage":{"@id":"https:\/\/www.iese.edu\/standout\/es\/formacion-directivos-pandemia\/"},"wordCount":1293,"publisher":{"@id":"https:\/\/www.iese.edu\/standout\/es\/#organization"},"image":{"@id":"https:\/\/www.iese.edu\/standout\/es\/formacion-directivos-pandemia\/#primaryimage"},"thumbnailUrl":"https:\/\/www.iese.edu\/standout\/wp-content\/uploads\/2020\/11\/executive-education-pandemic-1.jpg","keywords":["Executive Education","General Management","Learning"],"articleSection":["General","General"],"inLanguage":"es"},{"@type":"WebPage","@id":"https:\/\/www.iese.edu\/standout\/es\/formacion-directivos-pandemia\/","url":"https:\/\/www.iese.edu\/standout\/es\/formacion-directivos-pandemia\/","name":"Formaci\u00f3n para directivos en la era poscovid","isPartOf":{"@id":"https:\/\/www.iese.edu\/standout\/es\/#website"},"primaryImageOfPage":{"@id":"https:\/\/www.iese.edu\/standout\/es\/formacion-directivos-pandemia\/#primaryimage"},"image":{"@id":"https:\/\/www.iese.edu\/standout\/es\/formacion-directivos-pandemia\/#primaryimage"},"thumbnailUrl":"https:\/\/www.iese.edu\/standout\/wp-content\/uploads\/2020\/11\/executive-education-pandemic-1.jpg","datePublished":"2020-11-30T15:25:36+00:00","dateModified":"2024-03-04T10:08:30+00:00","description":"La formaci\u00f3n ejecutiva es clave para afrontar los nuevos retos que plantea a las empresas el mundo postcovid: visi\u00f3n estrat\u00e9gica, mayor flexibilidad y toma de decisiones.","breadcrumb":{"@id":"https:\/\/www.iese.edu\/standout\/es\/formacion-directivos-pandemia\/#breadcrumb"},"inLanguage":"es","potentialAction":[{"@type":"ReadAction","target":["https:\/\/www.iese.edu\/standout\/es\/formacion-directivos-pandemia\/"]}]},{"@type":"ImageObject","inLanguage":"es","@id":"https:\/\/www.iese.edu\/standout\/es\/formacion-directivos-pandemia\/#primaryimage","url":"https:\/\/www.iese.edu\/standout\/wp-content\/uploads\/2020\/11\/executive-education-pandemic-1.jpg","contentUrl":"https:\/\/www.iese.edu\/standout\/wp-content\/uploads\/2020\/11\/executive-education-pandemic-1.jpg","width":1000,"height":666,"caption":"executive education pandemic"},{"@type":"BreadcrumbList","@id":"https:\/\/www.iese.edu\/standout\/es\/formacion-directivos-pandemia\/#breadcrumb","itemListElement":[{"@type":"ListItem","position":1,"name":"Home","item":"https:\/\/www.iese.edu\/standout\/es\/"},{"@type":"ListItem","position":2,"name":"Formaci\u00f3n para directivos en la era poscovid"}]},{"@type":"WebSite","@id":"https:\/\/www.iese.edu\/standout\/es\/#website","url":"https:\/\/www.iese.edu\/standout\/es\/","name":"IESE Standout","description":"IESE Business School","publisher":{"@id":"https:\/\/www.iese.edu\/standout\/es\/#organization"},"potentialAction":[{"@type":"SearchAction","target":{"@type":"EntryPoint","urlTemplate":"https:\/\/www.iese.edu\/standout\/es\/?s={search_term_string}"},"query-input":{"@type":"PropertyValueSpecification","valueRequired":true,"valueName":"search_term_string"}}],"inLanguage":"es"},{"@type":"Organization","@id":"https:\/\/www.iese.edu\/standout\/es\/#organization","name":"IESE Business School","url":"https:\/\/www.iese.edu\/standout\/es\/","logo":{"@type":"ImageObject","inLanguage":"es","@id":"https:\/\/www.iese.edu\/standout\/es\/#\/schema\/logo\/image\/","url":"https:\/\/www.iese.edu\/standout\/wp-content\/uploads\/2020\/11\/Logo-IESE-Business-School.png","contentUrl":"https:\/\/www.iese.edu\/standout\/wp-content\/uploads\/2020\/11\/Logo-IESE-Business-School.png","width":290,"height":290,"caption":"IESE Business School"},"image":{"@id":"https:\/\/www.iese.edu\/standout\/es\/#\/schema\/logo\/image\/"}},{"@type":"Person","@id":"https:\/\/www.iese.edu\/standout\/es\/#\/schema\/person\/fd2c3dde438ee9ebca29aeec067df184","name":"IESE Standout","image":{"@type":"ImageObject","inLanguage":"es","@id":"https:\/\/www.iese.edu\/standout\/es\/#\/schema\/person\/image\/","url":"https:\/\/secure.gravatar.com\/avatar\/361aacf621d488c9e3bee750c5665077c4cf539f0c4f8e6d206bb927aa36eead?s=96&d=mm&r=g","contentUrl":"https:\/\/secure.gravatar.com\/avatar\/361aacf621d488c9e3bee750c5665077c4cf539f0c4f8e6d206bb927aa36eead?s=96&d=mm&r=g","caption":"IESE Standout"},"url":"https:\/\/www.iese.edu\/standout\/es\/author\/standout\/"}]}},"menu_order":0,"_links":{"self":[{"href":"https:\/\/www.iese.edu\/standout\/es\/wp-json\/wp\/v2\/posts\/2215","targetHints":{"allow":["GET"]}}],"collection":[{"href":"https:\/\/www.iese.edu\/standout\/es\/wp-json\/wp\/v2\/posts"}],"about":[{"href":"https:\/\/www.iese.edu\/standout\/es\/wp-json\/wp\/v2\/types\/post"}],"author":[{"embeddable":true,"href":"https:\/\/www.iese.edu\/standout\/es\/wp-json\/wp\/v2\/users\/4"}],"replies":[{"embeddable":true,"href":"https:\/\/www.iese.edu\/standout\/es\/wp-json\/wp\/v2\/comments?post=2215"}],"version-history":[{"count":7,"href":"https:\/\/www.iese.edu\/standout\/es\/wp-json\/wp\/v2\/posts\/2215\/revisions"}],"predecessor-version":[{"id":3856,"href":"https:\/\/www.iese.edu\/standout\/es\/wp-json\/wp\/v2\/posts\/2215\/revisions\/3856"}],"wp:featuredmedia":[{"embeddable":true,"href":"https:\/\/www.iese.edu\/standout\/es\/wp-json\/wp\/v2\/media\/2075"}],"wp:attachment":[{"href":"https:\/\/www.iese.edu\/standout\/es\/wp-json\/wp\/v2\/media?parent=2215"}],"wp:term":[{"taxonomy":"category","embeddable":true,"href":"https:\/\/www.iese.edu\/standout\/es\/wp-json\/wp\/v2\/categories?post=2215"},{"taxonomy":"post_tag","embeddable":true,"href":"https:\/\/www.iese.edu\/standout\/es\/wp-json\/wp\/v2\/tags?post=2215"}],"curies":[{"name":"wp","href":"https:\/\/api.w.org\/{rel}","templated":true}]}}