{"id":5605,"date":"2023-06-06T14:46:51","date_gmt":"2023-06-06T14:46:51","guid":{"rendered":"https:\/\/www.iese.edu\/standout\/?p=5605"},"modified":"2024-04-22T06:15:12","modified_gmt":"2024-04-22T06:15:12","slug":"salario-emocional-consejos-ejemplos-definicion","status":"publish","type":"post","link":"https:\/\/www.iese.edu\/standout\/es\/salario-emocional-consejos-ejemplos-definicion\/","title":{"rendered":"Salario emocional: clave para el bienestar de tu equipo"},"content":{"rendered":"<div class=\"wpb-content-wrapper\"><p>[vc_row css=\u00bb.vc_custom_1559140963143{margin-top: 0px !important;margin-bottom: 0px !important;padding-top: 0px !important;padding-bottom: 0px !important;}\u00bb][vc_column css=\u00bb.vc_custom_1559216895048{margin-top: 0px !important;margin-bottom: 0px !important;padding-top: 0px !important;padding-bottom: 0px !important;}\u00bb][vc_column_text]No se sabe con precisi\u00f3n cu\u00e1ndo se acu\u00f1\u00f3 el t\u00e9rmino \u201csalario emocional\u201d, o lo que es lo mismo, las <strong>satisfacciones no econ\u00f3micas que nos aporta el trabajo<\/strong> y que influyen de manera decisiva en el bienestar de tu equipo. Sin embargo, cada vez es m\u00e1s evidente que como directivos es important\u00edsimo tener presente el poder de este concepto tanto en la atracci\u00f3n como en la retenci\u00f3n del talento.<\/p>\n<h2><strong>\u00bfQu\u00e9 es exactamente el <span class=\"subrat\">salario emocional<\/span>?<\/strong><\/h2>\n<p>Puede que, como apunta el profesor del IESE <a href=\"https:\/\/www.iese.edu\/es\/claustro-investigacion\/claustro\/mike-rosenberg\/\">Mike Rosenberg<\/a>, hablar de \u201csalario emocional\u201d sea algo reduccionista, porque a veces muchos \u2013 \u00e9l mismo incluido \u2013 nos hemos encontrado <strong>fichando en una oficina con un ambiente horrible<\/strong>, aunque con proyecci\u00f3n y ganas de aprender.<\/p>\n<p>El bienestar en una empresa es <strong>como ir poniendo pesas en una balanza<\/strong>: en una parte, <strong>el<\/strong> <strong>salario<\/strong> y, en la otra, <strong>una compleja red de activos no tangibles<\/strong>, con infinidad de conexiones completamente subjetivas, que puede llegar a ser decisiva a la hora de aceptar o no una oferta laboral.<\/p>\n<p>\u201cLa relaci\u00f3n con una empresa es multifac\u00e9tica\u201d, resalta Rosenberg. Y contin\u00faa: \u201cHay un factor cr\u00edtico que es<strong> sentir que perteneces a algo m\u00e1s grande<\/strong> que uno mismo\u201d.<\/p>\n<p>El <strong>salario emocional<\/strong> es un concepto tan complejo que no es solo lo que recibimos o sentimos en una empresa, sino tambi\u00e9n <strong>c\u00f3mo percibimos a esa compa\u00f1\u00eda<\/strong> y si creemos o no que \u201cestar en esa organizaci\u00f3n va en l\u00ednea con<strong> nuestro prop\u00f3sito de vida<\/strong>\u201d, matiza.<\/p>\n<p>En este sentido, el <strong>96%<\/strong> de los encuestados en el informe Employer Brand Research de Randstad afirma que <strong>sentirse en consonancia con los valores de la empresa es fundamental para su satisfacci\u00f3n<\/strong>, tanto que la mitad de los participantes tambi\u00e9n sostiene que no trabajar\u00eda nunca para una firma con mala reputaci\u00f3n, incluso por un salario mayor.<\/p>\n<p>\u201cSi uno quiere fichar a los perfiles de m\u00e1s talento, o eres medioambientalmente correcto o no lo vas a conseguir. La <strong>sostenibilidad<\/strong> se ha convertido en un <strong>imperativo<\/strong> para todo tipo de compa\u00f1\u00edas\u201d, apunta Rosenberg.<\/p>\n<h2><strong>C\u00f3mo cuidar el salario emocional como directivo<\/strong><\/h2>\n<p>Al ser algo subjetivo y muy vinculado con las emociones, los elementos clave a cuidar como parte del salario emocional cambian con el tiempo. Por ejemplo, \u201choy en d\u00eda la igualdad de oportunidades entre mujeres y hombres es muy importante, siempre lo ha sido, pero antes no se le prestaba tanta atenci\u00f3n\u201d, se\u00f1ala Rosenberg.[\/vc_column_text]<div class=\"clearboth\"><\/div><style>#thegem-divider-69f31930ab366 {margin-top: 80px !important;}<\/style><div id=\"thegem-divider-69f31930ab366\" class=\"gem-divider  \" style=\"\" ><\/div>[vc_single_image image=\u00bb5608&#8243; img_size=\u00bblarge\u00bb alignment=\u00bbcenter\u00bb]<div class=\"clearboth\"><\/div><style>#thegem-divider-69f31930ab3ba {margin-top: 50px !important;}<\/style><div id=\"thegem-divider-69f31930ab3ba\" class=\"gem-divider  \" style=\"\" ><\/div>[vc_column_text]Por su parte, la profesora del IESE <a href=\"https:\/\/www.iese.edu\/es\/claustro-investigacion\/claustro\/nuria-chinchilla\/\">N\u00faria Chinchilla<\/a> ahonda en <strong>la importancia de la consonancia entre el prop\u00f3sito de la compa\u00f1\u00eda y el personal<\/strong>. \u201cDespu\u00e9s de la pandemia, las personas quieren tener un trabajo que tenga sentido, con un <em>para qu\u00e9 <\/em>que valga la pena\u201d, define.<\/p>\n<p>M\u00e1s que de salario emocional, Chinchilla habla de <strong>clima y ecolog\u00eda humana <\/strong>dentro de la compa\u00f1\u00eda. \u201cC\u00f3mo ese clima nos ayuda a ser mejores personas tanto en el trabajo como en nuestra vida familiar. Adem\u00e1s del cambio clim\u00e1tico, tambi\u00e9n hay que evaluar el clima en las empresas y ver si es t\u00f3xico o refrescante\u201d, a\u00f1ade.<\/p>\n<p>Pero, sobre todo, para Chinchilla, el concepto m\u00e1s adecuado dentro del bienestar de los equipos es <strong>fidelizar<\/strong>, no retener. Es decir, <a href=\"https:\/\/www.iese.edu\/standout\/es\/liderar-conocerse\/\">ayudar a los empleados a definir su misi\u00f3n profesional y personal<\/a> e intentar alinearla con la de la compa\u00f1\u00eda. \u201cPor ejemplo, la misi\u00f3n del IESE es conseguir que sus participantes se conviertan en l\u00edderes con esp\u00edritu de servicio y profesionales excelentes. Yo, como profesora y desde mi C\u00e1tedra, estoy contribuyendo con mis capacidades a que ese objetivo se cumpla. Y eso encaja completamente con mi misi\u00f3n, que es ayudar a los alumnos a pensar y a ser mejores profesionales\u201d, explica Chinchilla.<\/p>\n<p>\u201cCada vez hay m\u00e1s estudios que coinciden en se\u00f1alar que la mayor\u00eda de los <strong>trabajadores que dejan su empleo \u2013 m\u00e1s del 60% \u2013 lo hacen por un estilo directivo<\/strong> <strong>que no les tiene en cuenta como personas<\/strong>: te maltratan ya sea por horarios, por broncas o por no permitir opini\u00f3n alguna en la toma de decisiones\u201d, concluye la profesora.<\/p>\n<p>Al fin y al cabo, <strong>los l\u00edderes de una empresa son los que marcan su d\u00eda a d\u00eda<\/strong>. Por eso, como directivo, es vital <a href=\"https:\/\/www.iese.edu\/standout\/es\/buen-lider-claves\/\">que aprendas a ser un buen l\u00edder<\/a> y que est\u00e9s dispuesto a escuchar a las personas que tienes a tu cargo y a hacer todo lo posible para que est\u00e9n a gusto en el desarrollo de sus funciones y de su carrera.<\/p>\n<h3><strong>8 consejos para implementar el salario emocional en tu empresa<\/strong><\/h3>\n<ul>\n<li><strong>Cultiva una cultura de reconocimiento:<\/strong> implementa programas o pr\u00e1cticas que promuevan el reconocimiento y la valoraci\u00f3n de los logros y esfuerzos de tus empleados.<\/li>\n<li><strong>Proporciona retroalimentaci\u00f3n constructiva: <\/strong>ofrece <a href=\"https:\/\/www.iese.edu\/standout\/es\/feedback-dar-recibir-claves\/\">feedback<\/a> regularmente sobre el desempe\u00f1o de los empleados, resaltando sus fortalezas y \u00e1reas de mejora.<\/li>\n<li><strong>Equilibra el trabajo y la vida personal:<\/strong> apoya pol\u00edticas y pr\u00e1cticas que permitan a los empleados mantener un equilibrio saludable entre su vida laboral y personal, como horarios flexibles u opciones de <a href=\"https:\/\/www.iese.edu\/standout\/es\/teletrabajar-volver-oficina-equilibrio-perfecto\/\">trabajo en remoto<\/a>.<\/li>\n<li><strong>Facilita oportunidades de desarrollo:<\/strong> brinda opciones para el crecimiento y desarrollo profesional a trav\u00e9s de capacitaciones, programas de mentor\u00eda o asignaci\u00f3n de proyectos retadores.<\/li>\n<li><strong>Fomenta un ambiente laboral positivo:<\/strong> crea un entorno de trabajo donde se promueva el respeto, la colaboraci\u00f3n y la comunicaci\u00f3n efectiva entre los miembros del equipo.<\/li>\n<li><strong>Establece metas claras y alcanzables:<\/strong> define objetivos concretos y realistas, asegurando que est\u00e9n alineados con la visi\u00f3n y los valores de la organizaci\u00f3n.<\/li>\n<li><strong>Impulsa la participaci\u00f3n y la autonom\u00eda:<\/strong> permite que tus empleados tengan voz en la toma de decisiones, promoviendo la participaci\u00f3n y otorgando cierto grado de autonom\u00eda en la realizaci\u00f3n de sus tareas.<\/li>\n<li><strong>Promueve el bienestar emocional:<\/strong> ofrece recursos y programas que promuevan el bienestar emocional de los empleados, como servicios de apoyo psicol\u00f3gico, actividades de bienestar o flexibilidad para abordar situaciones personales dif\u00edciles.<\/li>\n<\/ul>\n<p>&nbsp;<\/p>\n<p>Los <a href=\"https:\/\/www.iese.edu\/es\/programas\/\">programas para directivos<\/a> del IESE te ayudar\u00e1n a evolucionar en tu carrera y a convertirte en el l\u00edder de impacto que tu empresa necesita, poniendo en el centro el bienestar de todas las personas que componen la organizaci\u00f3n.[\/vc_column_text][\/vc_column][\/vc_row]<\/p>\n<\/div>","protected":false},"excerpt":{"rendered":"<p>[vc_row css=\u00bb.vc_custom_1559140963143{margin-top: 0px !important;margin-bottom: 0px !important;padding-top: 0px !important;padding-bottom: 0px !important;}\u00bb][vc_column css=\u00bb.vc_custom_1559216895048{margin-top: 0px !important;margin-bottom: 0px !important;padding-top: 0px !important;padding-bottom: 0px !important;}\u00bb][vc_column_text]No se&#8230;<\/p>\n","protected":false},"author":4,"featured_media":5610,"comment_status":"closed","ping_status":"closed","sticky":false,"template":"","format":"standard","meta":{"footnotes":""},"categories":[59,108,113],"tags":[52],"class_list":{"0":"post-5605","1":"post","2":"type-post","3":"status-publish","4":"format-standard","5":"has-post-thumbnail","7":"category-ejecutivos-senior","8":"category-general-es","9":"category-general-es-2","10":"tag-general-management-es"},"yoast_head":"<!-- This site is optimized with the Yoast SEO plugin v26.7 - https:\/\/yoast.com\/wordpress\/plugins\/seo\/ -->\n<title>Salario emocional: clave para el bienestar de tu equipo<\/title>\n<meta name=\"description\" content=\"Como directivo es muy importante tener en cuenta el salario emocional o todo aquello que no se recompensa econ\u00f3micamente.\" \/>\n<meta name=\"robots\" content=\"index, follow, max-snippet:-1, max-image-preview:large, max-video-preview:-1\" \/>\n<link rel=\"canonical\" href=\"https:\/\/www.iese.edu\/standout\/es\/salario-emocional-consejos-ejemplos-definicion\/\" \/>\n<meta property=\"og:locale\" content=\"es_ES\" \/>\n<meta property=\"og:type\" content=\"article\" \/>\n<meta property=\"og:title\" content=\"Salario emocional: clave para el bienestar de tu equipo\" \/>\n<meta property=\"og:description\" content=\"Como directivo es muy importante tener en cuenta el salario emocional o todo aquello que no se recompensa econ\u00f3micamente.\" \/>\n<meta property=\"og:url\" content=\"https:\/\/www.iese.edu\/standout\/es\/salario-emocional-consejos-ejemplos-definicion\/\" \/>\n<meta property=\"og:site_name\" content=\"IESE Standout\" \/>\n<meta property=\"og:image\" content=\"https:\/\/www.iese.edu\/standout\/wp-content\/uploads\/2023\/06\/salario-emocional.jpg\" \/>\n\t<meta property=\"og:image:width\" content=\"1000\" \/>\n\t<meta property=\"og:image:height\" content=\"666\" \/>\n\t<meta property=\"og:image:type\" content=\"image\/jpeg\" \/>\n<meta name=\"author\" content=\"IESE Standout\" \/>\n<meta name=\"twitter:card\" content=\"summary_large_image\" \/>\n<meta name=\"twitter:label1\" content=\"Escrito por\" \/>\n\t<meta name=\"twitter:data1\" content=\"IESE Standout\" \/>\n\t<meta name=\"twitter:label2\" content=\"Tiempo de lectura\" \/>\n\t<meta name=\"twitter:data2\" content=\"5 minutos\" \/>\n<script type=\"application\/ld+json\" class=\"yoast-schema-graph\">{\"@context\":\"https:\/\/schema.org\",\"@graph\":[{\"@type\":\"Article\",\"@id\":\"https:\/\/www.iese.edu\/standout\/es\/salario-emocional-consejos-ejemplos-definicion\/#article\",\"isPartOf\":{\"@id\":\"https:\/\/www.iese.edu\/standout\/es\/salario-emocional-consejos-ejemplos-definicion\/\"},\"author\":{\"name\":\"IESE Standout\",\"@id\":\"https:\/\/www.iese.edu\/standout\/es\/#\/schema\/person\/fd2c3dde438ee9ebca29aeec067df184\"},\"headline\":\"Salario emocional: clave para el bienestar de tu equipo\",\"mainEntityOfPage\":{\"@id\":\"https:\/\/www.iese.edu\/standout\/es\/salario-emocional-consejos-ejemplos-definicion\/\"},\"wordCount\":1143,\"publisher\":{\"@id\":\"https:\/\/www.iese.edu\/standout\/es\/#organization\"},\"image\":{\"@id\":\"https:\/\/www.iese.edu\/standout\/es\/salario-emocional-consejos-ejemplos-definicion\/#primaryimage\"},\"thumbnailUrl\":\"https:\/\/www.iese.edu\/standout\/wp-content\/uploads\/2023\/06\/salario-emocional.jpg\",\"keywords\":[\"General Management\"],\"articleSection\":[\"Ejecutivos s\u00e9nior\",\"General\",\"General\"],\"inLanguage\":\"es\"},{\"@type\":\"WebPage\",\"@id\":\"https:\/\/www.iese.edu\/standout\/es\/salario-emocional-consejos-ejemplos-definicion\/\",\"url\":\"https:\/\/www.iese.edu\/standout\/es\/salario-emocional-consejos-ejemplos-definicion\/\",\"name\":\"Salario emocional: clave para el bienestar de tu equipo\",\"isPartOf\":{\"@id\":\"https:\/\/www.iese.edu\/standout\/es\/#website\"},\"primaryImageOfPage\":{\"@id\":\"https:\/\/www.iese.edu\/standout\/es\/salario-emocional-consejos-ejemplos-definicion\/#primaryimage\"},\"image\":{\"@id\":\"https:\/\/www.iese.edu\/standout\/es\/salario-emocional-consejos-ejemplos-definicion\/#primaryimage\"},\"thumbnailUrl\":\"https:\/\/www.iese.edu\/standout\/wp-content\/uploads\/2023\/06\/salario-emocional.jpg\",\"datePublished\":\"2023-06-06T14:46:51+00:00\",\"dateModified\":\"2024-04-22T06:15:12+00:00\",\"description\":\"Como directivo es muy importante tener en cuenta el salario emocional o todo aquello que no se recompensa econ\u00f3micamente.\",\"breadcrumb\":{\"@id\":\"https:\/\/www.iese.edu\/standout\/es\/salario-emocional-consejos-ejemplos-definicion\/#breadcrumb\"},\"inLanguage\":\"es\",\"potentialAction\":[{\"@type\":\"ReadAction\",\"target\":[\"https:\/\/www.iese.edu\/standout\/es\/salario-emocional-consejos-ejemplos-definicion\/\"]}]},{\"@type\":\"ImageObject\",\"inLanguage\":\"es\",\"@id\":\"https:\/\/www.iese.edu\/standout\/es\/salario-emocional-consejos-ejemplos-definicion\/#primaryimage\",\"url\":\"https:\/\/www.iese.edu\/standout\/wp-content\/uploads\/2023\/06\/salario-emocional.jpg\",\"contentUrl\":\"https:\/\/www.iese.edu\/standout\/wp-content\/uploads\/2023\/06\/salario-emocional.jpg\",\"width\":1000,\"height\":666,\"caption\":\"salario emocional\"},{\"@type\":\"BreadcrumbList\",\"@id\":\"https:\/\/www.iese.edu\/standout\/es\/salario-emocional-consejos-ejemplos-definicion\/#breadcrumb\",\"itemListElement\":[{\"@type\":\"ListItem\",\"position\":1,\"name\":\"Home\",\"item\":\"https:\/\/www.iese.edu\/standout\/es\/\"},{\"@type\":\"ListItem\",\"position\":2,\"name\":\"Salario emocional: clave para el bienestar de tu equipo\"}]},{\"@type\":\"WebSite\",\"@id\":\"https:\/\/www.iese.edu\/standout\/es\/#website\",\"url\":\"https:\/\/www.iese.edu\/standout\/es\/\",\"name\":\"IESE Standout\",\"description\":\"IESE Business School\",\"publisher\":{\"@id\":\"https:\/\/www.iese.edu\/standout\/es\/#organization\"},\"potentialAction\":[{\"@type\":\"SearchAction\",\"target\":{\"@type\":\"EntryPoint\",\"urlTemplate\":\"https:\/\/www.iese.edu\/standout\/es\/?s={search_term_string}\"},\"query-input\":{\"@type\":\"PropertyValueSpecification\",\"valueRequired\":true,\"valueName\":\"search_term_string\"}}],\"inLanguage\":\"es\"},{\"@type\":\"Organization\",\"@id\":\"https:\/\/www.iese.edu\/standout\/es\/#organization\",\"name\":\"IESE Business School\",\"url\":\"https:\/\/www.iese.edu\/standout\/es\/\",\"logo\":{\"@type\":\"ImageObject\",\"inLanguage\":\"es\",\"@id\":\"https:\/\/www.iese.edu\/standout\/es\/#\/schema\/logo\/image\/\",\"url\":\"https:\/\/www.iese.edu\/standout\/wp-content\/uploads\/2020\/11\/Logo-IESE-Business-School.png\",\"contentUrl\":\"https:\/\/www.iese.edu\/standout\/wp-content\/uploads\/2020\/11\/Logo-IESE-Business-School.png\",\"width\":290,\"height\":290,\"caption\":\"IESE Business School\"},\"image\":{\"@id\":\"https:\/\/www.iese.edu\/standout\/es\/#\/schema\/logo\/image\/\"}},{\"@type\":\"Person\",\"@id\":\"https:\/\/www.iese.edu\/standout\/es\/#\/schema\/person\/fd2c3dde438ee9ebca29aeec067df184\",\"name\":\"IESE Standout\",\"image\":{\"@type\":\"ImageObject\",\"inLanguage\":\"es\",\"@id\":\"https:\/\/www.iese.edu\/standout\/es\/#\/schema\/person\/image\/\",\"url\":\"https:\/\/secure.gravatar.com\/avatar\/361aacf621d488c9e3bee750c5665077c4cf539f0c4f8e6d206bb927aa36eead?s=96&d=mm&r=g\",\"contentUrl\":\"https:\/\/secure.gravatar.com\/avatar\/361aacf621d488c9e3bee750c5665077c4cf539f0c4f8e6d206bb927aa36eead?s=96&d=mm&r=g\",\"caption\":\"IESE Standout\"},\"url\":\"https:\/\/www.iese.edu\/standout\/es\/author\/standout\/\"}]}<\/script>\n<!-- \/ Yoast SEO plugin. -->","yoast_head_json":{"title":"Salario emocional: clave para el bienestar de tu equipo","description":"Como directivo es muy importante tener en cuenta el salario emocional o todo aquello que no se recompensa econ\u00f3micamente.","robots":{"index":"index","follow":"follow","max-snippet":"max-snippet:-1","max-image-preview":"max-image-preview:large","max-video-preview":"max-video-preview:-1"},"canonical":"https:\/\/www.iese.edu\/standout\/es\/salario-emocional-consejos-ejemplos-definicion\/","og_locale":"es_ES","og_type":"article","og_title":"Salario emocional: clave para el bienestar de tu equipo","og_description":"Como directivo es muy importante tener en cuenta el salario emocional o todo aquello que no se recompensa econ\u00f3micamente.","og_url":"https:\/\/www.iese.edu\/standout\/es\/salario-emocional-consejos-ejemplos-definicion\/","og_site_name":"IESE Standout","og_image":[{"width":1000,"height":666,"url":"https:\/\/www.iese.edu\/standout\/wp-content\/uploads\/2023\/06\/salario-emocional.jpg","type":"image\/jpeg"}],"author":"IESE Standout","twitter_card":"summary_large_image","twitter_misc":{"Escrito por":"IESE Standout","Tiempo de lectura":"5 minutos"},"schema":{"@context":"https:\/\/schema.org","@graph":[{"@type":"Article","@id":"https:\/\/www.iese.edu\/standout\/es\/salario-emocional-consejos-ejemplos-definicion\/#article","isPartOf":{"@id":"https:\/\/www.iese.edu\/standout\/es\/salario-emocional-consejos-ejemplos-definicion\/"},"author":{"name":"IESE Standout","@id":"https:\/\/www.iese.edu\/standout\/es\/#\/schema\/person\/fd2c3dde438ee9ebca29aeec067df184"},"headline":"Salario emocional: clave para el bienestar de tu equipo","mainEntityOfPage":{"@id":"https:\/\/www.iese.edu\/standout\/es\/salario-emocional-consejos-ejemplos-definicion\/"},"wordCount":1143,"publisher":{"@id":"https:\/\/www.iese.edu\/standout\/es\/#organization"},"image":{"@id":"https:\/\/www.iese.edu\/standout\/es\/salario-emocional-consejos-ejemplos-definicion\/#primaryimage"},"thumbnailUrl":"https:\/\/www.iese.edu\/standout\/wp-content\/uploads\/2023\/06\/salario-emocional.jpg","keywords":["General Management"],"articleSection":["Ejecutivos s\u00e9nior","General","General"],"inLanguage":"es"},{"@type":"WebPage","@id":"https:\/\/www.iese.edu\/standout\/es\/salario-emocional-consejos-ejemplos-definicion\/","url":"https:\/\/www.iese.edu\/standout\/es\/salario-emocional-consejos-ejemplos-definicion\/","name":"Salario emocional: clave para el bienestar de tu equipo","isPartOf":{"@id":"https:\/\/www.iese.edu\/standout\/es\/#website"},"primaryImageOfPage":{"@id":"https:\/\/www.iese.edu\/standout\/es\/salario-emocional-consejos-ejemplos-definicion\/#primaryimage"},"image":{"@id":"https:\/\/www.iese.edu\/standout\/es\/salario-emocional-consejos-ejemplos-definicion\/#primaryimage"},"thumbnailUrl":"https:\/\/www.iese.edu\/standout\/wp-content\/uploads\/2023\/06\/salario-emocional.jpg","datePublished":"2023-06-06T14:46:51+00:00","dateModified":"2024-04-22T06:15:12+00:00","description":"Como directivo es muy importante tener en cuenta el salario emocional o todo aquello que no se recompensa econ\u00f3micamente.","breadcrumb":{"@id":"https:\/\/www.iese.edu\/standout\/es\/salario-emocional-consejos-ejemplos-definicion\/#breadcrumb"},"inLanguage":"es","potentialAction":[{"@type":"ReadAction","target":["https:\/\/www.iese.edu\/standout\/es\/salario-emocional-consejos-ejemplos-definicion\/"]}]},{"@type":"ImageObject","inLanguage":"es","@id":"https:\/\/www.iese.edu\/standout\/es\/salario-emocional-consejos-ejemplos-definicion\/#primaryimage","url":"https:\/\/www.iese.edu\/standout\/wp-content\/uploads\/2023\/06\/salario-emocional.jpg","contentUrl":"https:\/\/www.iese.edu\/standout\/wp-content\/uploads\/2023\/06\/salario-emocional.jpg","width":1000,"height":666,"caption":"salario emocional"},{"@type":"BreadcrumbList","@id":"https:\/\/www.iese.edu\/standout\/es\/salario-emocional-consejos-ejemplos-definicion\/#breadcrumb","itemListElement":[{"@type":"ListItem","position":1,"name":"Home","item":"https:\/\/www.iese.edu\/standout\/es\/"},{"@type":"ListItem","position":2,"name":"Salario emocional: clave para el bienestar de tu equipo"}]},{"@type":"WebSite","@id":"https:\/\/www.iese.edu\/standout\/es\/#website","url":"https:\/\/www.iese.edu\/standout\/es\/","name":"IESE Standout","description":"IESE Business School","publisher":{"@id":"https:\/\/www.iese.edu\/standout\/es\/#organization"},"potentialAction":[{"@type":"SearchAction","target":{"@type":"EntryPoint","urlTemplate":"https:\/\/www.iese.edu\/standout\/es\/?s={search_term_string}"},"query-input":{"@type":"PropertyValueSpecification","valueRequired":true,"valueName":"search_term_string"}}],"inLanguage":"es"},{"@type":"Organization","@id":"https:\/\/www.iese.edu\/standout\/es\/#organization","name":"IESE Business School","url":"https:\/\/www.iese.edu\/standout\/es\/","logo":{"@type":"ImageObject","inLanguage":"es","@id":"https:\/\/www.iese.edu\/standout\/es\/#\/schema\/logo\/image\/","url":"https:\/\/www.iese.edu\/standout\/wp-content\/uploads\/2020\/11\/Logo-IESE-Business-School.png","contentUrl":"https:\/\/www.iese.edu\/standout\/wp-content\/uploads\/2020\/11\/Logo-IESE-Business-School.png","width":290,"height":290,"caption":"IESE Business School"},"image":{"@id":"https:\/\/www.iese.edu\/standout\/es\/#\/schema\/logo\/image\/"}},{"@type":"Person","@id":"https:\/\/www.iese.edu\/standout\/es\/#\/schema\/person\/fd2c3dde438ee9ebca29aeec067df184","name":"IESE Standout","image":{"@type":"ImageObject","inLanguage":"es","@id":"https:\/\/www.iese.edu\/standout\/es\/#\/schema\/person\/image\/","url":"https:\/\/secure.gravatar.com\/avatar\/361aacf621d488c9e3bee750c5665077c4cf539f0c4f8e6d206bb927aa36eead?s=96&d=mm&r=g","contentUrl":"https:\/\/secure.gravatar.com\/avatar\/361aacf621d488c9e3bee750c5665077c4cf539f0c4f8e6d206bb927aa36eead?s=96&d=mm&r=g","caption":"IESE Standout"},"url":"https:\/\/www.iese.edu\/standout\/es\/author\/standout\/"}]}},"menu_order":3,"_links":{"self":[{"href":"https:\/\/www.iese.edu\/standout\/es\/wp-json\/wp\/v2\/posts\/5605","targetHints":{"allow":["GET"]}}],"collection":[{"href":"https:\/\/www.iese.edu\/standout\/es\/wp-json\/wp\/v2\/posts"}],"about":[{"href":"https:\/\/www.iese.edu\/standout\/es\/wp-json\/wp\/v2\/types\/post"}],"author":[{"embeddable":true,"href":"https:\/\/www.iese.edu\/standout\/es\/wp-json\/wp\/v2\/users\/4"}],"replies":[{"embeddable":true,"href":"https:\/\/www.iese.edu\/standout\/es\/wp-json\/wp\/v2\/comments?post=5605"}],"version-history":[{"count":6,"href":"https:\/\/www.iese.edu\/standout\/es\/wp-json\/wp\/v2\/posts\/5605\/revisions"}],"predecessor-version":[{"id":6272,"href":"https:\/\/www.iese.edu\/standout\/es\/wp-json\/wp\/v2\/posts\/5605\/revisions\/6272"}],"wp:featuredmedia":[{"embeddable":true,"href":"https:\/\/www.iese.edu\/standout\/es\/wp-json\/wp\/v2\/media\/5610"}],"wp:attachment":[{"href":"https:\/\/www.iese.edu\/standout\/es\/wp-json\/wp\/v2\/media?parent=5605"}],"wp:term":[{"taxonomy":"category","embeddable":true,"href":"https:\/\/www.iese.edu\/standout\/es\/wp-json\/wp\/v2\/categories?post=5605"},{"taxonomy":"post_tag","embeddable":true,"href":"https:\/\/www.iese.edu\/standout\/es\/wp-json\/wp\/v2\/tags?post=5605"}],"curies":[{"name":"wp","href":"https:\/\/api.w.org\/{rel}","templated":true}]}}