{"id":6835,"date":"2025-06-25T09:18:09","date_gmt":"2025-06-25T09:18:09","guid":{"rendered":"https:\/\/www.iese.edu\/standout\/teams-flourish-skills-different-generations\/"},"modified":"2026-03-11T11:58:03","modified_gmt":"2026-03-11T11:58:03","slug":"equipos-habilidades-generaciones","status":"publish","type":"post","link":"https:\/\/www.iese.edu\/standout\/es\/equipos-habilidades-generaciones\/","title":{"rendered":"Aprovecha las habilidades de las diferentes generaciones en tu equipo"},"content":{"rendered":"<div class=\"wpb-content-wrapper\"><p>[vc_row css=\u00bb.vc_custom_1559140963143{margin-top: 0px !important;margin-bottom: 0px !important;padding-top: 0px !important;padding-bottom: 0px !important;}\u00bb][vc_column css=\u00bb.vc_custom_1559216895048{margin-top: 0px !important;margin-bottom: 0px !important;padding-top: 0px !important;padding-bottom: 0px !important;}\u00bb][vc_column_text css=\u00bb\u00bb css_animation=\u00bbbottom-to-top\u00bb]\u00bfC\u00f3mo gestionas la din\u00e1mica entre los miembros m\u00e1s j\u00f3venes y los m\u00e1s veteranos del equipo para crear una colaboraci\u00f3n m\u00e1s s\u00f3lida y productiva?<\/p>\n<p>Es un reto al que siempre se han enfrentado l\u00edderes como t\u00fa, pero ahora la tarea se vuelve m\u00e1s complicada. Con el r\u00e1pido avance de la Inteligencia Artificial, muchas de las funciones que antes desempe\u00f1aban los empleados junior se est\u00e1n automatizando. Y ese cambio conlleva un coste oculto.<\/p>\n<p>Si desaparecen esas funciones propias de los inicios de la carrera profesional, tambi\u00e9n lo hace un canal de aprendizaje vital: la transferencia de experiencia y conocimientos de los profesionales s\u00e9nior a la siguiente generaci\u00f3n. Sin \u00e9l, se corre el riesgo de perder no solo la continuidad t\u00e9cnica, sino tambi\u00e9n la cultura y la identidad que hacen que una organizaci\u00f3n sea \u00fanica.<\/p>\n<p>\u201cContar con esa variedad de edades ayuda a transmitir el conocimiento institucional; si no se mantiene este flujo, hay claras desventajas\u201d, afirma el profesor del IESE <strong><a href=\"https:\/\/www.iese.edu\/es\/claustro-investigacion\/claustro\/sebastian-reiche\/\">Sebastian Reiche<\/a><\/strong>. \u201cLa \u00fanica forma de sobrevivir y desarrollarse como organizaci\u00f3n es que los nuevos empleados junior aprendan la cultura y la adapten; as\u00ed es como se mantiene la cultura viva y din\u00e1mica\u201d.<\/p>\n<p>Las transformaciones provocadas por la IA hacen que las empresas se enfrenten a retos que no pueden resolverse solo con software. Seg\u00fan un <strong><a href=\"https:\/\/www.iese.edu\/es\/insight\/articulos\/competencias-talento-inteligencia-artificial-edadismo\/\">nuevo estudio<\/a><\/strong> de <strong><a href=\"https:\/\/www.linkedin.com\/in\/maria-luisa-bl%C3%A1zquez-de-la-hera-1174263b\/\" target=\"_blank\" rel=\"noopener\">Mar\u00eda Luisa Bl\u00e1zquez<\/a><\/strong>, <strong><a href=\"https:\/\/www.iese.edu\/es\/claustro-investigacion\/claustro\/mireia-las-heras\/\">Mireia Las Heras<\/a><\/strong> y <strong><a href=\"https:\/\/www.iese.edu\/es\/claustro-investigacion\/claustro\/jordi-canals\/\">Jordi Canals<\/a><\/strong>, del IESE, las empresas se enfrentan a la urgente necesidad de redefinir las habilidades para una nueva era, lo que supone un reto que va m\u00e1s all\u00e1 de la adopci\u00f3n de nuevas tecnolog\u00edas.<\/p>\n<p>Estas son algunas medidas que puedes adoptar en tu empresa para garantizar que los equipos trabajen de forma eficaz a la hora de abordar los cambios y aprovechar las oportunidades que ofrece la IA:<\/p>\n<h3>1. Reconsiderar el papel de los equipos<\/h3>\n<p>Si las empresas cuentan con equipos formados \u00edntegramente por j\u00f3venes que realizan tareas t\u00e9cnicas, es hora de reconsiderar ese modelo, afirma Reiche. Los directivos deben buscar oportunidades para garantizar que los equipos incluyan tanto a personal joven como a personal con m\u00e1s experiencia, con el fin de asegurar que el proceso de aprendizaje y tutor\u00eda funcione en ambos sentidos.<\/p>\n<h3>2. Mentor\u00eda inversa<\/h3>\n<p>Emparejar a novatos expertos en tecnolog\u00eda con personal experto que quiz\u00e1 tenga menos conocimientos sobre c\u00f3mo aplicar la IA es una forma de garantizar que circulen nuevas ideas y se comparta la experiencia, afirma el profesor del IESE <strong><a href=\"https:\/\/www.iese.edu\/es\/claustro-investigacion\/claustro\/evgeny-kaganer\/\">Evgeny K\u00e1ganer<\/a><\/strong>. Las empresas quiz\u00e1 quieran plantearse emparejar a personal m\u00e1s joven y m\u00e1s experimentado en un \u201csistema de compa\u00f1eros\u201d formal para que el conocimiento pueda circular, afirma Reiche.<\/p>\n<h3>3. Reimaginar el dise\u00f1o del trabajo<\/h3>\n<p>El modelo tradicional en muchas empresas ha sido que el personal junior desempe\u00f1e funciones m\u00e1s sencillas y t\u00e9cnicas, del tipo que podr\u00e1 realizar cada vez m\u00e1s la IA, pero no tiene por qu\u00e9 ser as\u00ed, afirma Reiche. Una soluci\u00f3n podr\u00eda ser fomentar m\u00e1s oportunidades para que los j\u00f3venes realicen m\u00e1s trabajos basados en proyectos que les permitan ampliar sus contactos y desarrollar un conjunto m\u00e1s amplio de habilidades con mayor rapidez.<\/p>\n<h3>4. Trayectorias profesionales m\u00e1s flexibles<\/h3>\n<p>Las empresas y los empleados deben ser m\u00e1s flexibles a la hora de plantearse las trayectorias profesionales futuras, afirma Reiche. Quienes se encuentran en las primeras etapas de su carrera pueden intentar desarrollar sus habilidades con trabajos basados en proyectos en diferentes empresas, que luego podr\u00e1n transferir a organizaciones m\u00e1s grandes. Con este modelo m\u00e1s fragmentado, los trabajadores m\u00e1s j\u00f3venes pueden crear un conjunto de habilidades que podr\u00e1n aplicar en nuevos puestos corporativos.<\/p>\n<h3>5. Esp\u00edritu aventurero<\/h3>\n<p>Los empleados con m\u00e1s experiencia deben preguntarse c\u00f3mo pueden explorar el potencial de tecnolog\u00edas como la IA pensando en nuevas formas de hacer su trabajo con las potentes herramientas nuevas que tienen a su disposici\u00f3n, afirma Reiche. Esto significa fomentar una mentalidad m\u00e1s experimental en la que se anime a los trabajadores de m\u00e1s edad a ver la IA no como una amenaza, sino como una oportunidad que se puede aprovechar de forma creativa y fruct\u00edfera.<\/p>\n<p>A continuaci\u00f3n ofrecemos algunos consejos para personas en diferentes etapas de su carrera que intentan navegar por el cambiante panorama laboral:<\/p>\n<ul>\n<li><strong>Aprovecha tus habilidades digitales y en IA<\/strong><br \/>\nDomina la IA y piensa detenidamente c\u00f3mo puedes utilizarla en el \u00e1mbito laboral. \u201cIntenta salvar la brecha entre c\u00f3mo se hacen las cosas actualmente y tu conocimiento de c\u00f3mo se podr\u00edan hacer si se incorporara una nueva tecnolog\u00eda\u201d, afirma el profesor del IESE <strong><a href=\"https:\/\/www.iese.edu\/es\/claustro-investigacion\/claustro\/sebastian-hafenbradl\/\">Sebastian Hafenbr\u00e4dl<\/a><\/strong>.<\/li>\n<li><strong>Analiza detenidamente tus habilidades<br \/>\n<\/strong>La pregunta que todo el mundo debe hacerse es si va a complementar a la IA o si va a ser sustituido por ella, afirma K\u00e1ganer. Un aspecto a tener en cuenta es que la IA es eficaz a la hora de comprender conocimientos y aplicarlos para resolver problemas e incluso llevar a cabo tareas creativas, pero es menos competente cuando se trata de utilizar el juicio para evaluar retos y soluciones.<\/li>\n<li><strong>Desarrolla tus habilidades sociales<br \/>\n<\/strong>En medio del inter\u00e9s por la IA, desarrolla tu capacidad de pensamiento cr\u00edtico, resoluci\u00f3n de problemas, comunicaci\u00f3n, adaptabilidad y trabajo en equipo: las habilidades sociales siempre ser\u00e1n valoradas por los empleadores, afirma Reiche.<\/li>\n<li><strong>Piensa de forma creativa<br \/>\n<\/strong>Los empleados m\u00e1s j\u00f3venes pueden utilizar sus habilidades en IA para desarrollar proyectos relacionados con el negocio mientras buscan un puesto formal. \u201cLos posibles empleados junior tienen enormes recursos que pueden utilizar para darse a conocer ante las organizaciones\u201d, afirma Hafenbr\u00e4dl.<\/li>\n<\/ul>\n<p>[\/vc_column_text][\/vc_column][\/vc_row]<\/p>\n<\/div>","protected":false},"excerpt":{"rendered":"<p>[vc_row css=\u00bb.vc_custom_1559140963143{margin-top: 0px !important;margin-bottom: 0px !important;padding-top: 0px !important;padding-bottom: 0px !important;}\u00bb][vc_column css=\u00bb.vc_custom_1559216895048{margin-top: 0px !important;margin-bottom: 0px !important;padding-top: 0px !important;padding-bottom: 0px !important;}\u00bb][vc_column_text css=\u00bb\u00bb&#8230;<\/p>\n","protected":false},"author":4,"featured_media":6745,"comment_status":"closed","ping_status":"closed","sticky":false,"template":"","format":"standard","meta":{"footnotes":""},"categories":[59,108,113],"tags":[50,52,60],"class_list":{"0":"post-6835","1":"post","2":"type-post","3":"status-publish","4":"format-standard","5":"has-post-thumbnail","7":"category-ejecutivos-senior","8":"category-general-es","9":"category-general-es-2","10":"tag-career-es","11":"tag-general-management-es","12":"tag-skills-es"},"yoast_head":"<!-- This site is optimized with the Yoast SEO plugin v26.7 - https:\/\/yoast.com\/wordpress\/plugins\/seo\/ -->\n<title>Aprovecha las habilidades de las diferentes generaciones en tu equipo<\/title>\n<meta name=\"description\" content=\"\u00bfC\u00f3mo gestionas la din\u00e1mica entre los miembros m\u00e1s j\u00f3venes y los m\u00e1s veteranos de tu equipo?\" \/>\n<meta name=\"robots\" content=\"index, follow, max-snippet:-1, max-image-preview:large, max-video-preview:-1\" \/>\n<link rel=\"canonical\" href=\"https:\/\/www.iese.edu\/standout\/es\/equipos-habilidades-generaciones\/\" \/>\n<meta property=\"og:locale\" content=\"es_ES\" \/>\n<meta property=\"og:type\" content=\"article\" \/>\n<meta property=\"og:title\" content=\"Aprovecha las habilidades de las diferentes generaciones en tu equipo\" \/>\n<meta property=\"og:description\" content=\"\u00bfC\u00f3mo gestionas la din\u00e1mica entre los miembros m\u00e1s j\u00f3venes y los m\u00e1s veteranos de tu equipo?\" \/>\n<meta property=\"og:url\" content=\"https:\/\/www.iese.edu\/standout\/es\/equipos-habilidades-generaciones\/\" \/>\n<meta property=\"og:site_name\" content=\"IESE Standout\" \/>\n<meta property=\"og:image\" content=\"https:\/\/www.iese.edu\/standout\/wp-content\/uploads\/2025\/06\/Skills-of-different-generations-.jpg\" \/>\n\t<meta property=\"og:image:width\" content=\"1000\" \/>\n\t<meta property=\"og:image:height\" content=\"666\" \/>\n\t<meta property=\"og:image:type\" content=\"image\/jpeg\" \/>\n<meta name=\"author\" content=\"IESE Standout\" \/>\n<meta name=\"twitter:card\" content=\"summary_large_image\" \/>\n<meta name=\"twitter:label1\" content=\"Escrito por\" \/>\n\t<meta name=\"twitter:data1\" content=\"IESE Standout\" \/>\n\t<meta name=\"twitter:label2\" content=\"Tiempo de lectura\" \/>\n\t<meta name=\"twitter:data2\" content=\"5 minutos\" \/>\n<script type=\"application\/ld+json\" class=\"yoast-schema-graph\">{\"@context\":\"https:\/\/schema.org\",\"@graph\":[{\"@type\":\"Article\",\"@id\":\"https:\/\/www.iese.edu\/standout\/es\/equipos-habilidades-generaciones\/#article\",\"isPartOf\":{\"@id\":\"https:\/\/www.iese.edu\/standout\/es\/equipos-habilidades-generaciones\/\"},\"author\":{\"name\":\"IESE Standout\",\"@id\":\"https:\/\/www.iese.edu\/standout\/es\/#\/schema\/person\/fd2c3dde438ee9ebca29aeec067df184\"},\"headline\":\"Aprovecha las habilidades de las diferentes generaciones en tu equipo\",\"mainEntityOfPage\":{\"@id\":\"https:\/\/www.iese.edu\/standout\/es\/equipos-habilidades-generaciones\/\"},\"wordCount\":1028,\"publisher\":{\"@id\":\"https:\/\/www.iese.edu\/standout\/es\/#organization\"},\"image\":{\"@id\":\"https:\/\/www.iese.edu\/standout\/es\/equipos-habilidades-generaciones\/#primaryimage\"},\"thumbnailUrl\":\"https:\/\/www.iese.edu\/standout\/wp-content\/uploads\/2025\/06\/Skills-of-different-generations-.jpg\",\"keywords\":[\"Career\",\"General Management\",\"skills\"],\"articleSection\":[\"Ejecutivos s\u00e9nior\",\"General\",\"General\"],\"inLanguage\":\"es\"},{\"@type\":\"WebPage\",\"@id\":\"https:\/\/www.iese.edu\/standout\/es\/equipos-habilidades-generaciones\/\",\"url\":\"https:\/\/www.iese.edu\/standout\/es\/equipos-habilidades-generaciones\/\",\"name\":\"Aprovecha las habilidades de las diferentes generaciones en tu equipo\",\"isPartOf\":{\"@id\":\"https:\/\/www.iese.edu\/standout\/es\/#website\"},\"primaryImageOfPage\":{\"@id\":\"https:\/\/www.iese.edu\/standout\/es\/equipos-habilidades-generaciones\/#primaryimage\"},\"image\":{\"@id\":\"https:\/\/www.iese.edu\/standout\/es\/equipos-habilidades-generaciones\/#primaryimage\"},\"thumbnailUrl\":\"https:\/\/www.iese.edu\/standout\/wp-content\/uploads\/2025\/06\/Skills-of-different-generations-.jpg\",\"datePublished\":\"2025-06-25T09:18:09+00:00\",\"dateModified\":\"2026-03-11T11:58:03+00:00\",\"description\":\"\u00bfC\u00f3mo gestionas la din\u00e1mica entre los miembros m\u00e1s j\u00f3venes y los m\u00e1s veteranos de tu equipo?\",\"breadcrumb\":{\"@id\":\"https:\/\/www.iese.edu\/standout\/es\/equipos-habilidades-generaciones\/#breadcrumb\"},\"inLanguage\":\"es\",\"potentialAction\":[{\"@type\":\"ReadAction\",\"target\":[\"https:\/\/www.iese.edu\/standout\/es\/equipos-habilidades-generaciones\/\"]}]},{\"@type\":\"ImageObject\",\"inLanguage\":\"es\",\"@id\":\"https:\/\/www.iese.edu\/standout\/es\/equipos-habilidades-generaciones\/#primaryimage\",\"url\":\"https:\/\/www.iese.edu\/standout\/wp-content\/uploads\/2025\/06\/Skills-of-different-generations-.jpg\",\"contentUrl\":\"https:\/\/www.iese.edu\/standout\/wp-content\/uploads\/2025\/06\/Skills-of-different-generations-.jpg\",\"width\":1000,\"height\":666},{\"@type\":\"BreadcrumbList\",\"@id\":\"https:\/\/www.iese.edu\/standout\/es\/equipos-habilidades-generaciones\/#breadcrumb\",\"itemListElement\":[{\"@type\":\"ListItem\",\"position\":1,\"name\":\"Home\",\"item\":\"https:\/\/www.iese.edu\/standout\/es\/\"},{\"@type\":\"ListItem\",\"position\":2,\"name\":\"Aprovecha las habilidades de las diferentes generaciones en tu equipo\"}]},{\"@type\":\"WebSite\",\"@id\":\"https:\/\/www.iese.edu\/standout\/es\/#website\",\"url\":\"https:\/\/www.iese.edu\/standout\/es\/\",\"name\":\"IESE Standout\",\"description\":\"IESE Business School\",\"publisher\":{\"@id\":\"https:\/\/www.iese.edu\/standout\/es\/#organization\"},\"potentialAction\":[{\"@type\":\"SearchAction\",\"target\":{\"@type\":\"EntryPoint\",\"urlTemplate\":\"https:\/\/www.iese.edu\/standout\/es\/?s={search_term_string}\"},\"query-input\":{\"@type\":\"PropertyValueSpecification\",\"valueRequired\":true,\"valueName\":\"search_term_string\"}}],\"inLanguage\":\"es\"},{\"@type\":\"Organization\",\"@id\":\"https:\/\/www.iese.edu\/standout\/es\/#organization\",\"name\":\"IESE Business School\",\"url\":\"https:\/\/www.iese.edu\/standout\/es\/\",\"logo\":{\"@type\":\"ImageObject\",\"inLanguage\":\"es\",\"@id\":\"https:\/\/www.iese.edu\/standout\/es\/#\/schema\/logo\/image\/\",\"url\":\"https:\/\/www.iese.edu\/standout\/wp-content\/uploads\/2020\/11\/Logo-IESE-Business-School.png\",\"contentUrl\":\"https:\/\/www.iese.edu\/standout\/wp-content\/uploads\/2020\/11\/Logo-IESE-Business-School.png\",\"width\":290,\"height\":290,\"caption\":\"IESE Business School\"},\"image\":{\"@id\":\"https:\/\/www.iese.edu\/standout\/es\/#\/schema\/logo\/image\/\"}},{\"@type\":\"Person\",\"@id\":\"https:\/\/www.iese.edu\/standout\/es\/#\/schema\/person\/fd2c3dde438ee9ebca29aeec067df184\",\"name\":\"IESE Standout\",\"image\":{\"@type\":\"ImageObject\",\"inLanguage\":\"es\",\"@id\":\"https:\/\/www.iese.edu\/standout\/es\/#\/schema\/person\/image\/\",\"url\":\"https:\/\/secure.gravatar.com\/avatar\/361aacf621d488c9e3bee750c5665077c4cf539f0c4f8e6d206bb927aa36eead?s=96&d=mm&r=g\",\"contentUrl\":\"https:\/\/secure.gravatar.com\/avatar\/361aacf621d488c9e3bee750c5665077c4cf539f0c4f8e6d206bb927aa36eead?s=96&d=mm&r=g\",\"caption\":\"IESE Standout\"},\"url\":\"https:\/\/www.iese.edu\/standout\/es\/author\/standout\/\"}]}<\/script>\n<!-- \/ Yoast SEO plugin. -->","yoast_head_json":{"title":"Aprovecha las habilidades de las diferentes generaciones en tu equipo","description":"\u00bfC\u00f3mo gestionas la din\u00e1mica entre los miembros m\u00e1s j\u00f3venes y los m\u00e1s veteranos de tu equipo?","robots":{"index":"index","follow":"follow","max-snippet":"max-snippet:-1","max-image-preview":"max-image-preview:large","max-video-preview":"max-video-preview:-1"},"canonical":"https:\/\/www.iese.edu\/standout\/es\/equipos-habilidades-generaciones\/","og_locale":"es_ES","og_type":"article","og_title":"Aprovecha las habilidades de las diferentes generaciones en tu equipo","og_description":"\u00bfC\u00f3mo gestionas la din\u00e1mica entre los miembros m\u00e1s j\u00f3venes y los m\u00e1s veteranos de tu equipo?","og_url":"https:\/\/www.iese.edu\/standout\/es\/equipos-habilidades-generaciones\/","og_site_name":"IESE Standout","og_image":[{"width":1000,"height":666,"url":"https:\/\/www.iese.edu\/standout\/wp-content\/uploads\/2025\/06\/Skills-of-different-generations-.jpg","type":"image\/jpeg"}],"author":"IESE Standout","twitter_card":"summary_large_image","twitter_misc":{"Escrito por":"IESE Standout","Tiempo de lectura":"5 minutos"},"schema":{"@context":"https:\/\/schema.org","@graph":[{"@type":"Article","@id":"https:\/\/www.iese.edu\/standout\/es\/equipos-habilidades-generaciones\/#article","isPartOf":{"@id":"https:\/\/www.iese.edu\/standout\/es\/equipos-habilidades-generaciones\/"},"author":{"name":"IESE Standout","@id":"https:\/\/www.iese.edu\/standout\/es\/#\/schema\/person\/fd2c3dde438ee9ebca29aeec067df184"},"headline":"Aprovecha las habilidades de las diferentes generaciones en tu equipo","mainEntityOfPage":{"@id":"https:\/\/www.iese.edu\/standout\/es\/equipos-habilidades-generaciones\/"},"wordCount":1028,"publisher":{"@id":"https:\/\/www.iese.edu\/standout\/es\/#organization"},"image":{"@id":"https:\/\/www.iese.edu\/standout\/es\/equipos-habilidades-generaciones\/#primaryimage"},"thumbnailUrl":"https:\/\/www.iese.edu\/standout\/wp-content\/uploads\/2025\/06\/Skills-of-different-generations-.jpg","keywords":["Career","General Management","skills"],"articleSection":["Ejecutivos s\u00e9nior","General","General"],"inLanguage":"es"},{"@type":"WebPage","@id":"https:\/\/www.iese.edu\/standout\/es\/equipos-habilidades-generaciones\/","url":"https:\/\/www.iese.edu\/standout\/es\/equipos-habilidades-generaciones\/","name":"Aprovecha las habilidades de las diferentes generaciones en tu equipo","isPartOf":{"@id":"https:\/\/www.iese.edu\/standout\/es\/#website"},"primaryImageOfPage":{"@id":"https:\/\/www.iese.edu\/standout\/es\/equipos-habilidades-generaciones\/#primaryimage"},"image":{"@id":"https:\/\/www.iese.edu\/standout\/es\/equipos-habilidades-generaciones\/#primaryimage"},"thumbnailUrl":"https:\/\/www.iese.edu\/standout\/wp-content\/uploads\/2025\/06\/Skills-of-different-generations-.jpg","datePublished":"2025-06-25T09:18:09+00:00","dateModified":"2026-03-11T11:58:03+00:00","description":"\u00bfC\u00f3mo gestionas la din\u00e1mica entre los miembros m\u00e1s j\u00f3venes y los m\u00e1s veteranos de tu equipo?","breadcrumb":{"@id":"https:\/\/www.iese.edu\/standout\/es\/equipos-habilidades-generaciones\/#breadcrumb"},"inLanguage":"es","potentialAction":[{"@type":"ReadAction","target":["https:\/\/www.iese.edu\/standout\/es\/equipos-habilidades-generaciones\/"]}]},{"@type":"ImageObject","inLanguage":"es","@id":"https:\/\/www.iese.edu\/standout\/es\/equipos-habilidades-generaciones\/#primaryimage","url":"https:\/\/www.iese.edu\/standout\/wp-content\/uploads\/2025\/06\/Skills-of-different-generations-.jpg","contentUrl":"https:\/\/www.iese.edu\/standout\/wp-content\/uploads\/2025\/06\/Skills-of-different-generations-.jpg","width":1000,"height":666},{"@type":"BreadcrumbList","@id":"https:\/\/www.iese.edu\/standout\/es\/equipos-habilidades-generaciones\/#breadcrumb","itemListElement":[{"@type":"ListItem","position":1,"name":"Home","item":"https:\/\/www.iese.edu\/standout\/es\/"},{"@type":"ListItem","position":2,"name":"Aprovecha las habilidades de las diferentes generaciones en tu equipo"}]},{"@type":"WebSite","@id":"https:\/\/www.iese.edu\/standout\/es\/#website","url":"https:\/\/www.iese.edu\/standout\/es\/","name":"IESE Standout","description":"IESE Business School","publisher":{"@id":"https:\/\/www.iese.edu\/standout\/es\/#organization"},"potentialAction":[{"@type":"SearchAction","target":{"@type":"EntryPoint","urlTemplate":"https:\/\/www.iese.edu\/standout\/es\/?s={search_term_string}"},"query-input":{"@type":"PropertyValueSpecification","valueRequired":true,"valueName":"search_term_string"}}],"inLanguage":"es"},{"@type":"Organization","@id":"https:\/\/www.iese.edu\/standout\/es\/#organization","name":"IESE Business School","url":"https:\/\/www.iese.edu\/standout\/es\/","logo":{"@type":"ImageObject","inLanguage":"es","@id":"https:\/\/www.iese.edu\/standout\/es\/#\/schema\/logo\/image\/","url":"https:\/\/www.iese.edu\/standout\/wp-content\/uploads\/2020\/11\/Logo-IESE-Business-School.png","contentUrl":"https:\/\/www.iese.edu\/standout\/wp-content\/uploads\/2020\/11\/Logo-IESE-Business-School.png","width":290,"height":290,"caption":"IESE Business School"},"image":{"@id":"https:\/\/www.iese.edu\/standout\/es\/#\/schema\/logo\/image\/"}},{"@type":"Person","@id":"https:\/\/www.iese.edu\/standout\/es\/#\/schema\/person\/fd2c3dde438ee9ebca29aeec067df184","name":"IESE Standout","image":{"@type":"ImageObject","inLanguage":"es","@id":"https:\/\/www.iese.edu\/standout\/es\/#\/schema\/person\/image\/","url":"https:\/\/secure.gravatar.com\/avatar\/361aacf621d488c9e3bee750c5665077c4cf539f0c4f8e6d206bb927aa36eead?s=96&d=mm&r=g","contentUrl":"https:\/\/secure.gravatar.com\/avatar\/361aacf621d488c9e3bee750c5665077c4cf539f0c4f8e6d206bb927aa36eead?s=96&d=mm&r=g","caption":"IESE Standout"},"url":"https:\/\/www.iese.edu\/standout\/es\/author\/standout\/"}]}},"menu_order":3,"_links":{"self":[{"href":"https:\/\/www.iese.edu\/standout\/es\/wp-json\/wp\/v2\/posts\/6835","targetHints":{"allow":["GET"]}}],"collection":[{"href":"https:\/\/www.iese.edu\/standout\/es\/wp-json\/wp\/v2\/posts"}],"about":[{"href":"https:\/\/www.iese.edu\/standout\/es\/wp-json\/wp\/v2\/types\/post"}],"author":[{"embeddable":true,"href":"https:\/\/www.iese.edu\/standout\/es\/wp-json\/wp\/v2\/users\/4"}],"replies":[{"embeddable":true,"href":"https:\/\/www.iese.edu\/standout\/es\/wp-json\/wp\/v2\/comments?post=6835"}],"version-history":[{"count":6,"href":"https:\/\/www.iese.edu\/standout\/es\/wp-json\/wp\/v2\/posts\/6835\/revisions"}],"predecessor-version":[{"id":6861,"href":"https:\/\/www.iese.edu\/standout\/es\/wp-json\/wp\/v2\/posts\/6835\/revisions\/6861"}],"wp:featuredmedia":[{"embeddable":true,"href":"https:\/\/www.iese.edu\/standout\/es\/wp-json\/wp\/v2\/media\/6745"}],"wp:attachment":[{"href":"https:\/\/www.iese.edu\/standout\/es\/wp-json\/wp\/v2\/media?parent=6835"}],"wp:term":[{"taxonomy":"category","embeddable":true,"href":"https:\/\/www.iese.edu\/standout\/es\/wp-json\/wp\/v2\/categories?post=6835"},{"taxonomy":"post_tag","embeddable":true,"href":"https:\/\/www.iese.edu\/standout\/es\/wp-json\/wp\/v2\/tags?post=6835"}],"curies":[{"name":"wp","href":"https:\/\/api.w.org\/{rel}","templated":true}]}}